{"id":10312,"date":"2017-03-21T16:54:57","date_gmt":"2017-03-21T15:54:57","guid":{"rendered":"https:\/\/www.motoblouz.com\/enjoytheride\/enjoytheride\/?p=10312"},"modified":"2023-09-20T16:48:16","modified_gmt":"2023-09-20T14:48:16","slug":"elite-st-jean-dangely-teams-motoblouz-mx","status":"publish","type":"post","link":"https:\/\/www.motoblouz.com\/enjoytheride\/actus-evenements-moto\/10312-elite-st-jean-dangely-teams-motoblouz-mx-2017-03-21","title":{"rendered":"\u00c9lite \u00e0 St Jean d&rsquo;Ang\u00e9ly : Retour aux affaires pour les teams Motoblouz"},"content":{"rendered":"<p>Le Championnat de France \u00c9lite reprenait ce week-end dans les Charentes Maritimes, \u00e0 St Jean d&rsquo;Ang\u00e9ly. Retour \u00e0 la terre donc, apr\u00e8s une courte pause qui a suivi la fin de la saison des sables. Une saison achev\u00e9e avec brio au Touquet par les teams Motoblouz !<!--more--><\/p>\n<p><strong>Les gars du Team SR et leurs jeunes confr\u00e8res du team Yamaha 2MX Motoblouz<\/strong> ont d&#8217;embl\u00e9e pu \u00e9valuer les tenants et les aboutissants de la toute fra\u00eeche saison 2017. Et pas de doute, il va falloir jouer des coudes !<\/p>\n<h2>MX1 (450 cm\u00b3) : Xavier Boog commence fort !<\/h2>\n<p>Xavier Boog a tout de suit montr\u00e9 combien il sera offensif cette saison&#8230; En premi\u00e8re manche, l&rsquo;Alsacien part quatri\u00e8me, mais ne l\u00e2che rien jusqu&rsquo;aux derni\u00e8res secondes de la course, o\u00f9 il s&rsquo;adjuge la deuxi\u00e8me place&#8230;<\/p>\n<p>En seconde manche, un d\u00e9part compliqu\u00e9 rel\u00e8gue le pilote <a href=\"https:\/\/www.motoblouz.com\/team-sr.html\">du Team SR Motoblouz<\/a> en neuvi\u00e8me place, mais Xavier fait preuve de t\u00e9nacit\u00e9, et remonte un \u00e0 un ses concurrents jusqu&rsquo;\u00e0 terminer en quatri\u00e8me position.<br \/>\n<strong>Au final, le pilote termine le week-end deuxi\u00e8me au cumul\u00e9. Belle perf !<\/strong><\/p>\n<p>Fabien Izoird arrive quant \u00e0 lui huiti\u00e8me puis douzi\u00e8me, et se classe au final neuvi\u00e8me.<\/p>\n<h2>MX2 (250 cm\u00b3) : Deux manches difficiles pour Thomas Do<\/h2>\n<p>Le week-end s&rsquo;annon\u00e7ait pourtant sous un jour favorable&#8230; En d\u00e9pit de son cinqui\u00e8me meilleur temps chrono le matin, Thomas Do se heurtera de plein fouet \u00e0 la r\u00e9alit\u00e9 de la course.<\/p>\n<p>Des accrochages ainsi que des erreurs de course forceront le pilote du Team SR Motoblouz en 250 \u00e0 terminer les deux sessions du jour <strong>en vingt-cinqui\u00e8me puis en quinzi\u00e8me places<\/strong>. Mais la saison ne fait que d\u00e9buter !<\/p>\n<h2>Juniors (125 cm\u00b3) : Malchance et blessure pour Matheo Miot<\/h2>\n<p>L&rsquo;a\u00een\u00e9 <a href=\"https:\/\/www.motoblouz.com\/enjoytheride\/actualites\/9834-yamaha-2mx-motoblouz-racing-team-miot-2017-01-09\">des fr\u00e8res Miot<\/a> met toutes les chances de son c\u00f4t\u00e9 lors des essais, et part troisi\u00e8me en premi\u00e8re manche. Enferm\u00e9 pendant les premiers tours, Matheo Miot se retrouve dix-septi\u00e8me, mais sa volont\u00e9 lui permet d&rsquo;aller chercher la douzi\u00e8me place.<\/p>\n<p>En seconde manche, la chance n&rsquo;est toujours pas de partie, et le pilote Yamaha 2MX Motoblouz <strong>se blesse \u00e0 la cheville lors d&rsquo;une chute collective<\/strong>. Il termine tout de m\u00eame la course malgr\u00e9 la douleur, et on le f\u00e9licite sp\u00e9cialement pour \u00e7a ! Il sera remis sur pied pour la prochaine course&#8230;<\/p>\n<h2>Espoirs (85 cm\u00b3) : Florian Miot dans le tempo \u00e0 St Jean d&rsquo;Ang\u00e9ly<\/h2>\n<p>Pour <a href=\"https:\/\/www.motoblouz.com\/enjoytheride\/news-moto\/10114-enduropale-2017-teams-sr-2mx-motoblouz-2017-02-20\">le Champion de France des sables espoirs<\/a>, la premi\u00e8re course ne commence pas sous les meilleurs auspices puisqu&rsquo;il sort de piste apr\u00e8s un contact un peu muscl\u00e9 avec un autre concurrent. S\u00e9rieusement retard\u00e9, Florian parvient \u00e0 remonter les places une \u00e0 une. Un bel effort qui lui permettra de grimper sur la troisi\u00e8me marche du podium !<\/p>\n<p>En deuxi\u00e8me manche, une glissade pendant le d\u00e9part entame de nouveau ses chances de briller \u00e0 St Jean d&rsquo;Ang\u00e9ly. Mais il en faut plus pour d\u00e9courager Florian qui repart dans les derniers&#8230; jusqu&rsquo;\u00e0 la troisi\u00e8me place ! H\u00e9las, une chute l&#8217;emp\u00eachera d&rsquo;y rester, et le petit fr\u00e8re Miot <strong>s&rsquo;adjuge tout de m\u00eame une jolie cinqui\u00e8me place, et fait aussi bien sur la journ\u00e9e.<\/strong><\/p>\n<p><strong>Motoblouz f\u00e9licite tous ses pilotes. Prochaine \u00e9tape \u00e0 Romagn\u00e9, en Bretagne, le 1er et le 2 avril prochain !<\/strong><\/p>\n<p><span style=\"color: #808080;\"><em>Photo <a style=\"color: #808080;\" href=\"https:\/\/www.facebook.com\/Alice.enduro.rallye\/\">Alice.Photo<\/a><\/em><\/span><\/p>\n","protected":false},"excerpt":{"rendered":"<p>Le Championnat de France \u00c9lite reprenait ce week-end dans les Charentes Maritimes, \u00e0 St Jean d&rsquo;Ang\u00e9ly. Retour \u00e0 la terre donc, apr\u00e8s une courte pause qui a suivi la fin de la saison des sables. Une saison achev\u00e9e avec brio au Touquet par les teams Motoblouz !<\/p>\n","protected":false},"author":6,"featured_media":10313,"comment_status":"open","ping_status":"open","sticky":false,"template":"","format":"standard","meta":{"inline_featured_image":false,"footnotes":""},"categories":[304,303],"tags":[322,34,917],"yoast":{"focuskw":"St Jean d'Ang\u00e9ly","title":"MX St Jean d'Angely : Les teams Motoblouz au charbon !","metadesc":"Le Championnat \u00c9lite a fait sa premi\u00e8re escale \u00e0 St Jean d'Ang\u00e9ly ce week-end. C'est l'heure de la reprise pour les teams MX soutenus par Motoblouz !","linkdex":"95","metakeywords":"","meta-robots-noindex":"","meta-robots-nofollow":"","meta-robots-adv":"","canonical":"","redirect":"","opengraph-title":"","opengraph-description":"","opengraph-image":"","twitter-title":"","twitter-description":"","twitter-image":""},"bk_author_score":["0"],"bk_final_score":[],"bk_summary":[],"bk_cs1":["0"],"bk_cs2":["0"],"bk_cs3":["0"],"bk_cs4":["0"],"bk_cs5":["0"],"bk_cs6":["0"],"bk_ct1":[],"bk_ct2":[],"bk_ct3":[],"bk_ct4":[],"bk_ct5":[],"bk_ct6":[],"bk_gallery_content":[],"bk_image_upload":[],"bk_media_embed_code_post":[],"bk_page_fullwidth_checkbox":[],"bk_post_fullwidth_checkbox":["0"],"bk_review_checkbox":["0"],"lswd-posts-on-top":"false","_d3t_product_info_activate":["1"],"_d3t_product_info_reference":[""],"_d3t_product_media_detoure":[""],"d3t_etc_reference":["FRA10312"],"d3t_etc_translate_yoast_focuskw":[],"d3t_etc_translate_yoast_title":[],"d3t_etc_translate_yoast_metadesc":[],"d3t_etc_translate_product_media_detoure":[],"d3t_etc_translate_product_info_reference":[],"amp_enabled":true,"_links":{"self":[{"href":"https:\/\/www.motoblouz.com\/enjoytheride\/wp-json\/wp\/v2\/posts\/10312"}],"collection":[{"href":"https:\/\/www.motoblouz.com\/enjoytheride\/wp-json\/wp\/v2\/posts"}],"about":[{"href":"https:\/\/www.motoblouz.com\/enjoytheride\/wp-json\/wp\/v2\/types\/post"}],"author":[{"embeddable":true,"href":"https:\/\/www.motoblouz.com\/enjoytheride\/wp-json\/wp\/v2\/users\/6"}],"replies":[{"embeddable":true,"href":"https:\/\/www.motoblouz.com\/enjoytheride\/wp-json\/wp\/v2\/comments?post=10312"}],"version-history":[{"count":0,"href":"https:\/\/www.motoblouz.com\/enjoytheride\/wp-json\/wp\/v2\/posts\/10312\/revisions"}],"wp:featuredmedia":[{"embeddable":true,"href":"https:\/\/www.motoblouz.com\/enjoytheride\/wp-json\/wp\/v2\/media\/10313"}],"wp:attachment":[{"href":"https:\/\/www.motoblouz.com\/enjoytheride\/wp-json\/wp\/v2\/media?parent=10312"}],"wp:term":[{"taxonomy":"category","embeddable":true,"href":"https:\/\/www.motoblouz.com\/enjoytheride\/wp-json\/wp\/v2\/categories?post=10312"},{"taxonomy":"post_tag","embeddable":true,"href":"https:\/\/www.motoblouz.com\/enjoytheride\/wp-json\/wp\/v2\/tags?post=10312"}],"curies":[{"name":"wp","href":"https:\/\/api.w.org\/{rel}","templated":true}]}}