{"id":12767,"date":"2018-01-16T17:15:37","date_gmt":"2018-01-16T16:15:37","guid":{"rendered":"https:\/\/www.motoblouz.com\/enjoytheride\/enjoytheride\/?p=12767"},"modified":"2023-09-20T15:38:43","modified_gmt":"2023-09-20T13:38:43","slug":"calendrier-moto2-2018","status":"publish","type":"post","link":"https:\/\/www.motoblouz.com\/enjoytheride\/actualites\/12767-calendrier-moto2-2018-2018-01-16","title":{"rendered":"Calendrier Moto2 2018 : Circuits, dates et heures des courses"},"content":{"rendered":"<p>2018 nous promet encore de belles bastons en Moto2&#8230; Entre Miguel Oliveira, Brad Binder, Francesco Bagnaia, toujours aussi remont\u00e9s, et tous autres candidats au podium, avouez qu&rsquo;il y a de quoi rendre tout pronostic assez incertain. Alors pour que vous puissiez suivre comme il se doit cette saison aguicheuse, retrouvez ici le <strong>calendrier Moto2 2018<\/strong> !<\/p>\n<h2>Le calendrier Moto2 2018 course par course<\/h2>\n<p>Quelques mouvements dans le calendrier Moto2 2018. Signalons en particulier l&rsquo;arriv\u00e9e d&rsquo;<strong>un nouveau trac\u00e9 au championnat : le circuit de Buriram, en Tha\u00eflande<\/strong>. La course qu&rsquo;il s&rsquo;y d\u00e9roulera vient opportun\u00e9ment boucher un trou entre celles d&rsquo;Aragon et de Motegi, faisant passer de 18 \u00e0 19 le nombre d&rsquo;\u00e9preuves cette ann\u00e9e. Bonne nouvelle !<\/p>\n<p>Au-del\u00e0 de l&rsquo;apparition d&rsquo;un nouveau circuit, la premi\u00e8re course Moto2 de la saison (au Qatar) sera s\u00e9par\u00e9e par trois semaine de la deuxi\u00e8me (en Argentine). Si bien que <strong>la pause estivale se voit raccourcie de deux semaines<\/strong> par rapport \u00e0 celle du <a href=\"https:\/\/www.motoblouz.com\/enjoytheride\/actualites\/10695-calendrier-moto2-2017-2017-05-23\">calendrier 2017<\/a>. Autrement dit, il y aura peu de zones de flottements en 2018, et personne ne va reprocher \u00e7a \u00e0 la Dorna \ud83d\ude09<\/p>\n<p>Allez, le voil\u00e0, le <strong>calendrier Moto2 2018<\/strong> ! Bien entendu, on a aussi pens\u00e9 au <a href=\"https:\/\/www.motoblouz.com\/enjoytheride\/actualites\/12760-calendrier-motogp-2018-2018-01-16\">calendrier MotoGP 2018<\/a> ainsi qu&rsquo;au <a href=\"https:\/\/www.motoblouz.com\/enjoytheride\/actualites\/12764-calendrier-moto3-2018-2018-01-16\">calendrier Moto3 2018<\/a>.<\/p>\n<div>\n<div style=\"border-left: #0b878f 4px solid; background-color: #eee; margin: 8px; width: 90%; float: left; max-width: 400px; min-height: 1100px;\">\n<p><img loading=\"lazy\" decoding=\"async\" class=\"size-full wp-image-10270\" src=\"data:image\/gif;base64,R0lGODdhAQABAPAAAP\/\/\/wAAACwAAAAAAQABAEACAkQBADs=\" data-lazy-src=\"\/enjoytheride\/wp-content\/uploads\/2017\/03\/circuit_de_losail_qatar.jpg\" alt=\"Circuit MotoGP du Qatar\" width=\"400\" height=\"100\" \/><noscript><img loading=\"lazy\" decoding=\"async\" class=\"size-full wp-image-10270\" src=\"\/enjoytheride\/wp-content\/uploads\/2017\/03\/circuit_de_losail_qatar.jpg\" alt=\"Circuit MotoGP du Qatar\" width=\"400\" height=\"100\" \/><\/noscript><\/p>\n<div style=\"padding: 10px;\">\n<h3>18 mars : Grand Prix Moto2 du Qatar<\/h3>\n<p><strong>Circuit international de Losail<\/strong><\/p>\n<h4><strong>VENDREDI 16 MARS<\/strong><br \/>\n<strong> ESSAIS<\/strong><\/h4>\n<p>FP1 : 11h45 &#8211; 12h30<br \/>\nFP2: 16h05 &#8211; 16h50<\/p>\n<h4><strong>SAMEDI 17 MARS<\/strong><br \/>\n<strong> ESSAIS<\/strong><\/h4>\n<p>FP3 : 11h35 &#8211; 12h20<\/p>\n<h4><strong>QUALIFICATIONS<\/strong><\/h4>\n<p>15h40 &#8211; 16h25<\/p>\n<h4><strong>DIMANCHE 18 MARS<\/strong><br \/>\n<strong> WARM UP<\/strong><\/h4>\n<p>12h10 &#8211; 12h30<\/p>\n<h4><strong>COURSE<\/strong><\/h4>\n<p>D\u00e9part \u00e0 17h00<\/p>\n<h4><strong>Record du tour en course<\/strong><\/h4>\n<p>1 min 59 s 052, par Jonas Folger en 2016<\/p>\n<h4><strong>Record du tour<\/strong><\/h4>\n<p>1 min 59 s 421, par Sam Lowes en 2016<\/p>\n<\/div>\n<\/div>\n<div style=\"border-left: #0b878f 4px solid; background-color: #eee; margin: 8px; width: 90%; float: left; max-width: 400px; min-height: 1100px;\">\n<p><img loading=\"lazy\" decoding=\"async\" class=\"size-full wp-image-10281\" src=\"data:image\/gif;base64,R0lGODdhAQABAPAAAP\/\/\/wAAACwAAAAAAQABAEACAkQBADs=\" data-lazy-src=\"\/enjoytheride\/wp-content\/uploads\/2017\/03\/circuit_termas_rio_hondo_argentina.jpg\" alt=\"Circuit MotoGP d'Argentine\" width=\"400\" height=\"100\" \/><noscript><img loading=\"lazy\" decoding=\"async\" class=\"size-full wp-image-10281\" src=\"\/enjoytheride\/wp-content\/uploads\/2017\/03\/circuit_termas_rio_hondo_argentina.jpg\" alt=\"Circuit MotoGP d'Argentine\" width=\"400\" height=\"100\" \/><\/noscript><\/p>\n<div style=\"padding: 10px;\">\n<h3>8 avril : Grand Prix Moto2 d&rsquo;Argentine<\/h3>\n<p><strong>Circuit Termas de R\u00edo Hondo<\/strong> &#8211;<\/p>\n<h4><strong>VENDREDI 6 AVRIL<\/strong><br \/>\n<strong> ESSAIS<\/strong><\/h4>\n<p>FP1 : <span data-ini-time=\"2018-04-06T09:55:00-0300\">15h55<\/span>\u00a0&#8211;\u00a0<span data-end=\"2018-04-06T10:40:00-0300\">16h40<\/span><br \/>\nFP2: <span data-ini-time=\"2018-04-06T14:05:00-0300\">20h05<\/span>\u00a0&#8211;\u00a0<span data-end=\"2018-04-06T14:50:00-0300\">20h50<\/span><\/p>\n<h4><strong>SAMEDI 7 AVRIL<\/strong><br \/>\n<strong> ESSAIS<\/strong><\/h4>\n<p>FP3 : <span data-ini-time=\"2018-04-07T09:55:00-0300\">15h55<\/span>\u00a0&#8211;\u00a0<span data-end=\"2018-04-07T10:40:00-0300\">16h40<\/span><\/p>\n<h4><strong>QUALIFICATIONS<\/strong><\/h4>\n<p><span data-ini-time=\"2018-04-07T14:10:00-0300\">20h05<\/span>\u00a0&#8211;\u00a0<span data-end=\"2018-04-07T14:25:00-0300\">20h50<\/span><\/p>\n<h4><strong>DIMANCHE 8 AVRIL<\/strong><br \/>\n<strong> WARM UP<\/strong><\/h4>\n<p><span data-ini-time=\"2018-04-08T10:40:00-0300\">15h10<\/span>\u00a0&#8211;\u00a0<span data-end=\"2018-04-08T11:00:00-0300\">15h30<\/span><\/p>\n<h4><strong>COURSE<\/strong><\/h4>\n<p>D\u00e9part \u00e0 18h20<\/p>\n<h4><strong>Record du tour en course<\/strong><\/h4>\n<p>1 min 42 s 809, par Johann Zarco en 2015<\/p>\n<h4><strong>Record du tour<\/strong><\/h4>\n<p>1 min 43 s 001, par Jonas Folger en 2015<\/p>\n<\/div>\n<\/div>\n<div style=\"border-left: #0b878f 4px solid; background-color: #eee; margin: 8px; width: 90%; float: left; max-width: 400px; min-height: 1100px;\">\n<p><img loading=\"lazy\" decoding=\"async\" class=\"size-full wp-image-10267\" src=\"data:image\/gif;base64,R0lGODdhAQABAPAAAP\/\/\/wAAACwAAAAAAQABAEACAkQBADs=\" data-lazy-src=\"\/enjoytheride\/wp-content\/uploads\/2017\/03\/circuit_austin_etats_unis.jpg\" alt=\"Circuit MotoGP des Etats-Unis\" width=\"400\" height=\"100\" \/><noscript><img loading=\"lazy\" decoding=\"async\" class=\"size-full wp-image-10267\" src=\"\/enjoytheride\/wp-content\/uploads\/2017\/03\/circuit_austin_etats_unis.jpg\" alt=\"Circuit MotoGP des Etats-Unis\" width=\"400\" height=\"100\" \/><\/noscript><\/p>\n<div style=\"padding: 10px;\">\n<h3>22 avril : Grand Prix Moto2 des \u00c9tats Unis<\/h3>\n<p><strong>Circuit des Am\u00e9riques, Austin<\/strong> <\/p>\n<h4><strong>VENDREDI 20 AVRIL<\/strong><br \/>\n<strong> ESSAIS<\/strong><\/h4>\n<p>FP1 : <span data-ini-time=\"2018-04-20T09:55:00-0500\">17h55<\/span>\u00a0&#8211;\u00a0<span data-end=\"2018-04-20T10:40:00-0500\">18h40<\/span><br \/>\nFP2: <span data-ini-time=\"2018-04-20T14:05:00-0500\">22h05<\/span>\u00a0&#8211;\u00a0<span data-end=\"2018-04-20T14:50:00-0500\">22h50<\/span><\/p>\n<h4><strong>SAMEDI 21 AVRIL<\/strong><br \/>\n<strong> ESSAIS<\/strong><\/h4>\n<p>FP3 : <span data-ini-time=\"2018-04-21T09:55:00-0500\">17h55<\/span>\u00a0&#8211;\u00a0<span data-end=\"2018-04-21T10:40:00-0500\">18h40<\/span><\/p>\n<h4><strong>QUALIFICATIONS<\/strong><\/h4>\n<p><span data-ini-time=\"2018-04-21T14:10:00-0500\">21h10<\/span>\u00a0&#8211;\u00a0<span data-end=\"2018-04-21T14:25:00-0500\">21h25<\/span><\/p>\n<h4><strong>DIMANCHE 22 AVRIL<\/strong><br \/>\n<strong> WARM UP<\/strong><\/h4>\n<p><span data-ini-time=\"2018-04-22T09:40:00-0500\">22h05<\/span>\u00a0&#8211;\u00a0<span data-end=\"2018-04-22T10:00:00-0500\">22h50<\/span><\/p>\n<h4><strong>COURSE<\/strong><\/h4>\n<p>D\u00e9part \u00e0 19h20<\/p>\n<h4><strong>Record du tour en course<\/strong><\/h4>\n<p>2 min 08 s 850, par Alex Rins en 2016<\/p>\n<h4><strong>Record du tour<\/strong><\/h4>\n<p>2 min 09 s 948, par Franco Morbidelli en 2017<\/p>\n<\/div>\n<\/div>\n<div style=\"border-left: #0b878f 4px solid; background-color: #eee; margin: 8px; width: 90%; float: left; max-width: 400px; min-height: 1100px;\">\n<p><img loading=\"lazy\" decoding=\"async\" class=\"size-full wp-image-10271\" src=\"data:image\/gif;base64,R0lGODdhAQABAPAAAP\/\/\/wAAACwAAAAAAQABAEACAkQBADs=\" data-lazy-src=\"\/enjoytheride\/wp-content\/uploads\/2017\/03\/circuit_jerez_espagne.jpg\" alt=\"Circuit MotoGP d'Espagne\" width=\"400\" height=\"100\" \/><noscript><img loading=\"lazy\" decoding=\"async\" class=\"size-full wp-image-10271\" src=\"\/enjoytheride\/wp-content\/uploads\/2017\/03\/circuit_jerez_espagne.jpg\" alt=\"Circuit MotoGP d'Espagne\" width=\"400\" height=\"100\" \/><\/noscript><\/p>\n<div style=\"padding: 10px;\">\n<h3>6 mai : Grand Prix Moto2 d&rsquo;Espagne<\/h3>\n<p><strong>Circuit de Jerez<\/strong> <\/p>\n<h4><strong>VENDREDI 4 MAI<\/strong><br \/>\n<strong> ESSAIS<\/strong><\/h4>\n<p>FP1 : <span data-ini-time=\"2018-05-04T09:55:00+0200\">10h55<\/span>\u00a0&#8211;\u00a0<span data-end=\"2018-05-04T10:40:00+0200\">11h40<\/span><br \/>\nFP2:\u00a0 <span data-ini-time=\"2018-05-04T14:05:00+0200\">15h05<\/span>\u00a0&#8211;\u00a0<span data-end=\"2018-05-04T14:50:00+0200\">15h50<\/span><\/p>\n<h4><strong>SAMEDI 5 MAI<\/strong><br \/>\n<strong> ESSAIS<\/strong><\/h4>\n<p>FP3 : <span data-ini-time=\"2018-05-05T09:55:00+0200\">10h55<\/span>\u00a0&#8211;\u00a0<span data-end=\"2018-05-05T10:40:00+0200\">11h40<\/span><\/p>\n<h4><strong>QUALIFICATIONS<\/strong><\/h4>\n<p><span data-ini-time=\"2018-05-05T14:10:00+0200\">15h05<\/span>\u00a0&#8211;\u00a0<span data-end=\"2018-05-05T14:25:00+0200\">15h50<\/span><\/p>\n<h4><strong>DIMANCHE 6 MAI<\/strong><br \/>\n<strong> WARM UP<\/strong><\/h4>\n<p><span data-ini-time=\"2018-05-06T09:40:00+0200\">09h10<\/span>\u00a0&#8211;\u00a0<span data-end=\"2018-05-06T10:00:00+0200\">9h30<\/span><\/p>\n<h4><strong>COURSE<\/strong><\/h4>\n<p>D\u00e9part \u00e0 12h20<\/p>\n<h4><strong>Record du tour en course<\/strong><\/h4>\n<p>1 min 42 s 080, par Alex Marquez en 2017<\/p>\n<h4><strong>Record du tour<\/strong><\/h4>\n<p>1 min 42 s 596, par Franco Morbidelli en 2017<\/p>\n<\/div>\n<\/div>\n<div style=\"border-left: #0b878f 4px solid; background-color: #eee; margin: 8px; width: 90%; float: left; max-width: 400px; min-height: 1100px;\">\n<p><img loading=\"lazy\" decoding=\"async\" class=\"size-full wp-image-10272\" src=\"data:image\/gif;base64,R0lGODdhAQABAPAAAP\/\/\/wAAACwAAAAAAQABAEACAkQBADs=\" data-lazy-src=\"\/enjoytheride\/wp-content\/uploads\/2017\/03\/circuit_le_mans_france.jpg\" alt=\"Circuit MotoGP de France\" width=\"400\" height=\"100\" \/><noscript><img loading=\"lazy\" decoding=\"async\" class=\"size-full wp-image-10272\" src=\"\/enjoytheride\/wp-content\/uploads\/2017\/03\/circuit_le_mans_france.jpg\" alt=\"Circuit MotoGP de France\" width=\"400\" height=\"100\" \/><\/noscript><\/p>\n<div style=\"padding: 10px;\">\n<h3>20 mai : Grand Prix Moto2 de France<\/h3>\n<p><strong>Circuit du Mans<\/strong> <\/p>\n<h4><strong>VENDREDI 18 MAI<\/strong><br \/>\n<strong> ESSAIS<\/strong><\/h4>\n<p>FP1 : <span data-ini-time=\"2018-05-18T09:55:00+0200\">10h55<\/span>\u00a0&#8211;\u00a0<span data-end=\"2018-05-18T10:40:00+0200\">11h40<\/span><br \/>\nFP2:\u00a0 <span data-ini-time=\"2018-05-18T14:05:00+0200\">15h05<\/span>\u00a0&#8211;\u00a0<span data-end=\"2018-05-18T14:50:00+0200\">15h50<\/span><\/p>\n<h4><strong>SAMEDI 19 MAI<\/strong><br \/>\n<strong> ESSAIS<\/strong><\/h4>\n<p>FP3 : <span data-ini-time=\"2018-05-05T09:55:00+0200\">10h55<\/span>\u00a0&#8211;\u00a0<span data-end=\"2018-05-05T10:40:00+0200\">11h40<\/span><\/p>\n<h4><strong>QUALIFICATIONS<\/strong><\/h4>\n<p><span data-ini-time=\"2018-05-05T14:10:00+0200\">15h05<\/span>\u00a0&#8211;\u00a0<span data-end=\"2018-05-05T14:25:00+0200\">15h50<\/span><\/p>\n<h4><strong>DIMANCHE 20 MAI<\/strong><br \/>\n<strong> WARM UP<\/strong><\/h4>\n<p><span data-ini-time=\"2018-05-06T09:40:00+0200\">09h10<\/span>\u00a0&#8211;\u00a0<span data-end=\"2018-05-06T10:00:00+0200\">09h30<\/span><\/p>\n<h4><strong>COURSE<\/strong><\/h4>\n<p>D\u00e9part \u00e0 12h20<\/p>\n<h4><strong>Record du tour en course<\/strong><\/h4>\n<p>1 min 36 s 548, par Thomas Luthi en 2017<\/p>\n<h4><strong>Record du tour<\/strong><\/h4>\n<p>1 min 36 s 836, par Franco Morbidelli en 2017<\/p>\n<\/div>\n<\/div>\n<div style=\"border-left: #0b878f 4px solid; background-color: #eee; margin: 8px; width: 90%; float: left; max-width: 400px; min-height: 1100px;\">\n<p><img loading=\"lazy\" decoding=\"async\" class=\"size-full wp-image-10275\" src=\"data:image\/gif;base64,R0lGODdhAQABAPAAAP\/\/\/wAAACwAAAAAAQABAEACAkQBADs=\" data-lazy-src=\"\/enjoytheride\/wp-content\/uploads\/2017\/03\/circuit_mugello_italie.jpg\" alt=\"Circuit MotoGP d'Italie\" width=\"400\" height=\"100\" \/><noscript><img loading=\"lazy\" decoding=\"async\" class=\"size-full wp-image-10275\" src=\"\/enjoytheride\/wp-content\/uploads\/2017\/03\/circuit_mugello_italie.jpg\" alt=\"Circuit MotoGP d'Italie\" width=\"400\" height=\"100\" \/><\/noscript><\/p>\n<div style=\"padding: 10px;\">\n<h3>3 juin : Grand Prix Moto2 d&rsquo;Italie<\/h3>\n<p><strong>Circuit du Mugello<\/strong><\/p>\n<h4><strong>VENDREDI 1ER JUIN<\/strong><br \/>\n<strong> ESSAIS<\/strong><\/h4>\n<p>FP1 : <span data-ini-time=\"2018-05-18T09:55:00+0200\">10h55<\/span>\u00a0&#8211;\u00a0<span data-end=\"2018-05-18T10:40:00+0200\">11h40<\/span><br \/>\nFP2:\u00a0 <span data-ini-time=\"2018-05-18T14:05:00+0200\">15h05<\/span>\u00a0&#8211;\u00a0<span data-end=\"2018-05-18T14:50:00+0200\">15h50<\/span><\/p>\n<h4><strong>SAMEDI 2 JUIN<\/strong><br \/>\n<strong> ESSAIS<\/strong><\/h4>\n<p>FP3 : <span data-ini-time=\"2018-05-05T09:55:00+0200\">10h55<\/span>\u00a0&#8211;\u00a0<span data-end=\"2018-05-05T10:40:00+0200\">11h40<\/span><\/p>\n<h4><strong>QUALIFICATIONS<\/strong><\/h4>\n<p><span data-ini-time=\"2018-05-05T14:10:00+0200\">15h05<\/span>\u00a0&#8211;\u00a0<span data-end=\"2018-05-05T14:25:00+0200\">15h50<\/span><\/p>\n<h4><strong>DIMANCHE 3 JUIN<\/strong><br \/>\n<strong> WARM UP<\/strong><\/h4>\n<p><span data-ini-time=\"2018-05-06T09:40:00+0200\">09h10<\/span>\u00a0&#8211;\u00a0<span data-end=\"2018-05-06T10:00:00+0200\">09h30<\/span><\/p>\n<h4><strong>COURSE<\/strong><\/h4>\n<p>D\u00e9part \u00e0 12h20<\/p>\n<h4><strong>Record du tour en course<\/strong><\/h4>\n<p>1 min 51 s 514, par Sam Lowes en 2015<\/p>\n<h4><strong>Record du tour<\/strong><\/h4>\n<p>1 min 52 s 084, par Thomas Luthi en 2017<\/p>\n<\/div>\n<\/div>\n<div style=\"border-left: #0b878f 4px solid; background-color: #eee; margin: 8px; width: 90%; float: left; max-width: 400px; min-height: 1100px;\">\n<p><img loading=\"lazy\" decoding=\"async\" class=\"size-full wp-image-10269\" src=\"data:image\/gif;base64,R0lGODdhAQABAPAAAP\/\/\/wAAACwAAAAAAQABAEACAkQBADs=\" data-lazy-src=\"\/enjoytheride\/wp-content\/uploads\/2017\/03\/circuit_catalunya_barcelone.jpg\" alt=\"Circuit MotoGP de Catalunya\" width=\"400\" height=\"100\" \/><noscript><img loading=\"lazy\" decoding=\"async\" class=\"size-full wp-image-10269\" src=\"\/enjoytheride\/wp-content\/uploads\/2017\/03\/circuit_catalunya_barcelone.jpg\" alt=\"Circuit MotoGP de Catalunya\" width=\"400\" height=\"100\" \/><\/noscript><\/p>\n<div style=\"padding: 10px;\">\n<h3>17 juin : Grand Prix Moto2 de Catalogne<\/h3>\n<p><strong>Circuit de Barcelona Catalunya<\/strong><\/p>\n<h4><strong>VENDREDI 15 JUIN<\/strong><br \/>\n<strong> ESSAIS<\/strong><\/h4>\n<p>FP1 : <span data-ini-time=\"2018-05-18T09:55:00+0200\">10h55<\/span>\u00a0&#8211;\u00a0<span data-end=\"2018-05-18T10:40:00+0200\">11h40<\/span><br \/>\nFP2:\u00a0 <span data-ini-time=\"2018-05-18T14:05:00+0200\">15h05<\/span>\u00a0&#8211;\u00a0<span data-end=\"2018-05-18T14:50:00+0200\">15h50<\/span><\/p>\n<h4><strong>SAMEDI 16 JUIN<\/strong><br \/>\n<strong> ESSAIS<\/strong><\/h4>\n<p>FP3 : <span data-ini-time=\"2018-05-05T09:55:00+0200\">10h55<\/span>\u00a0&#8211;\u00a0<span data-end=\"2018-05-05T10:40:00+0200\">11h40<\/span><\/p>\n<h4><strong>QUALIFICATIONS<\/strong><\/h4>\n<p><span data-ini-time=\"2018-05-05T14:10:00+0200\">15h05<\/span>\u00a0&#8211;\u00a0<span data-end=\"2018-05-05T14:25:00+0200\">15h50<\/span><\/p>\n<h4><strong>DIMANCHE 17 JUIN<\/strong><br \/>\n<strong> WARM UP<\/strong><\/h4>\n<p><span data-ini-time=\"2018-05-06T09:40:00+0200\">09h10<\/span>\u00a0&#8211;\u00a0<span data-end=\"2018-05-06T10:00:00+0200\">09h30<\/span><\/p>\n<h4><strong>COURSE<\/strong><\/h4>\n<p>D\u00e9part \u00e0 12h20<\/p>\n<h4><strong>Record du tour en course<\/strong><\/h4>\n<p>&nbsp;<\/p>\n<h4><strong>Record du tour<\/strong><\/h4>\n<p>&nbsp;<\/p>\n<\/div>\n<\/div>\n<div style=\"border-left: #0b878f 4px solid; background-color: #eee; margin: 8px; width: 90%; float: left; max-width: 400px; min-height: 1100px;\">\n<p><img loading=\"lazy\" decoding=\"async\" class=\"size-full wp-image-10266\" src=\"data:image\/gif;base64,R0lGODdhAQABAPAAAP\/\/\/wAAACwAAAAAAQABAEACAkQBADs=\" data-lazy-src=\"\/enjoytheride\/wp-content\/uploads\/2017\/03\/circuit_assen_pays_bas.jpg\" alt=\"Circuit MotoGP des Pays Bas\" width=\"400\" height=\"100\" \/><noscript><img loading=\"lazy\" decoding=\"async\" class=\"size-full wp-image-10266\" src=\"\/enjoytheride\/wp-content\/uploads\/2017\/03\/circuit_assen_pays_bas.jpg\" alt=\"Circuit MotoGP des Pays Bas\" width=\"400\" height=\"100\" \/><\/noscript><\/p>\n<div style=\"padding: 10px;\">\n<h3>1er juillet : Grand Prix Moto2 des Pays Bas<\/h3>\n<p><strong>Circuit d&rsquo;Assen<\/strong><\/p>\n<h4><strong>VENDREDI 29 MAI<\/strong><br \/>\n<strong> ESSAIS<\/strong><\/h4>\n<p>FP1 : <span data-ini-time=\"2018-05-18T09:55:00+0200\">10h55<\/span>\u00a0&#8211;\u00a0<span data-end=\"2018-05-18T10:40:00+0200\">11h40<\/span><br \/>\nFP2:\u00a0 <span data-ini-time=\"2018-05-18T14:05:00+0200\">15h05<\/span>\u00a0&#8211;\u00a0<span data-end=\"2018-05-18T14:50:00+0200\">15h50<\/span><\/p>\n<h4><strong>SAMEDI 30 MAI<\/strong><br \/>\n<strong> ESSAIS<\/strong><\/h4>\n<p>FP3 : <span data-ini-time=\"2018-05-05T09:55:00+0200\">10h55<\/span>\u00a0&#8211;\u00a0<span data-end=\"2018-05-05T10:40:00+0200\">11h40<\/span><\/p>\n<h4><strong>QUALIFICATIONS<\/strong><\/h4>\n<p><span data-ini-time=\"2018-05-05T14:10:00+0200\">15h05<\/span>\u00a0&#8211;\u00a0<span data-end=\"2018-05-05T14:25:00+0200\">15h50<\/span><\/p>\n<h4><strong>DIMANCHE 1ER JUILLET<\/strong><br \/>\n<strong> WARM UP<\/strong><\/h4>\n<p><span data-ini-time=\"2018-05-06T09:40:00+0200\">09h40<\/span>\u00a0&#8211; <span data-end=\"2018-05-06T10:00:00+0200\">10h00<\/span><\/p>\n<h4><strong>COURSE<\/strong><\/h4>\n<p>D\u00e9part \u00e0 14h30<\/p>\n<h4><strong>Record du tour en course<\/strong><\/h4>\n<p>1 min 36 s 346, par Johann Zarco en 2015<\/p>\n<h4><strong>Record du tour<\/strong><\/h4>\n<p>1 min 37 s 449, par Tito Rabat en 2015<\/p>\n<\/div>\n<\/div>\n<div style=\"border-left: #0b878f 4px solid; background-color: #eee; margin: 8px; width: 90%; float: left; max-width: 400px; min-height: 1100px;\">\n<p><img loading=\"lazy\" decoding=\"async\" class=\"size-full wp-image-10277\" src=\"data:image\/gif;base64,R0lGODdhAQABAPAAAP\/\/\/wAAACwAAAAAAQABAEACAkQBADs=\" data-lazy-src=\"\/enjoytheride\/wp-content\/uploads\/2017\/03\/circuit_sachsenring_allemagne.jpg\" alt=\"Circuit MotoGP d'Allemagne\" width=\"400\" height=\"100\" \/><noscript><img loading=\"lazy\" decoding=\"async\" class=\"size-full wp-image-10277\" src=\"\/enjoytheride\/wp-content\/uploads\/2017\/03\/circuit_sachsenring_allemagne.jpg\" alt=\"Circuit MotoGP d'Allemagne\" width=\"400\" height=\"100\" \/><\/noscript><\/p>\n<div style=\"padding: 10px;\">\n<h3>15 juillet : Grand Prix Moto2 d&rsquo;Allemagne<\/h3>\n<p><strong>Circuit du Sachsenring<\/strong> <\/p>\n<h4><strong>VENDREDI 13 JUILLET<\/strong><br \/>\n<strong> ESSAIS<\/strong><\/h4>\n<p>FP1 : <span data-ini-time=\"2018-07-13T09:55:00+0200\">10h55<\/span>\u00a0&#8211;\u00a0<span data-end=\"2018-07-13T10:40:00+0200\">11h40<\/span><br \/>\nFP2: <span data-ini-time=\"2018-07-13T14:05:00+0200\">15h05<\/span>\u00a0&#8211;\u00a0<span data-end=\"2018-07-13T14:50:00+0200\">15h50<\/span><\/p>\n<h4><strong>SAMEDI 14 JUILLET<\/strong><br \/>\n<strong> ESSAIS<\/strong><\/h4>\n<p>FP3 : <span data-ini-time=\"2018-07-14T09:55:00+0200\">10h55<\/span>\u00a0&#8211;\u00a0<span data-end=\"2018-07-14T10:40:00+0200\">11h40<\/span><\/p>\n<h4><strong>QUALIFICATIONS<\/strong><\/h4>\n<p><span data-ini-time=\"2018-07-14T14:10:00+0200\">15h05<\/span>\u00a0&#8211;\u00a0<span data-end=\"2018-07-14T14:25:00+0200\">15h50<\/span><\/p>\n<h4><strong>DIMANCHE 15 JUILLET<\/strong><br \/>\n<strong> WARM UP<\/strong><\/h4>\n<p><span data-ini-time=\"2018-07-15T09:40:00+0200\">09h10<\/span>\u00a0&#8211;\u00a0<span data-end=\"2018-07-15T10:00:00+0200\">09h30<\/span><\/p>\n<h4><strong>COURSE<\/strong><\/h4>\n<p>D\u00e9part \u00e0 12h20<\/p>\n<h4><strong>Record du tour en course<\/strong><\/h4>\n<p>1 min 24 s 044, par Johann Zarco en 2015<\/p>\n<h4><strong>Record du tour<\/strong><\/h4>\n<p>1 min 24 s 483, par Miguel Oliveira en 2017<\/p>\n<\/div>\n<\/div>\n<div style=\"border-left: #0b878f 4px solid; background-color: #eee; margin: 8px; width: 90%; float: left; max-width: 400px; min-height: 1100px;\">\n<p><img loading=\"lazy\" decoding=\"async\" class=\"size-full wp-image-10268\" src=\"data:image\/gif;base64,R0lGODdhAQABAPAAAP\/\/\/wAAACwAAAAAAQABAEACAkQBADs=\" data-lazy-src=\"\/enjoytheride\/wp-content\/uploads\/2017\/03\/circuit_brno_republique_tcheque.jpg\" alt=\"Circuit MotoGP de R\u00e9publique tch\u00e8que\" width=\"400\" height=\"100\" \/><noscript><img loading=\"lazy\" decoding=\"async\" class=\"size-full wp-image-10268\" src=\"\/enjoytheride\/wp-content\/uploads\/2017\/03\/circuit_brno_republique_tcheque.jpg\" alt=\"Circuit MotoGP de R\u00e9publique tch\u00e8que\" width=\"400\" height=\"100\" \/><\/noscript><\/p>\n<div style=\"padding: 10px;\">\n<h3>5 ao\u00fbt : Grand Prix Moto2 de R\u00e9publique tch\u00e8que<\/h3>\n<p><strong>Circuit de Brno<\/strong> <\/p>\n<h4><strong>VENDREDI 3 AO\u00dbT<\/strong><br \/>\n<strong> ESSAIS<\/strong><\/h4>\n<p>FP1 : <span data-ini-time=\"2018-07-13T09:55:00+0200\">10h55<\/span>\u00a0&#8211;\u00a0<span data-end=\"2018-07-13T10:40:00+0200\">11h40<\/span><br \/>\nFP2: <span data-ini-time=\"2018-07-13T14:05:00+0200\">15h05<\/span>\u00a0&#8211;\u00a0<span data-end=\"2018-07-13T14:50:00+0200\">15h50<\/span><\/p>\n<h4><strong>SAMEDI 4 AO\u00dbT<\/strong><br \/>\n<strong> ESSAIS<\/strong><\/h4>\n<p>FP3 : <span data-ini-time=\"2018-07-14T09:55:00+0200\">10h55<\/span>\u00a0&#8211;\u00a0<span data-end=\"2018-07-14T10:40:00+0200\">11h40<\/span><\/p>\n<h4><strong>QUALIFICATIONS<\/strong><\/h4>\n<p><span data-ini-time=\"2018-07-14T14:10:00+0200\">15h10<\/span>\u00a0&#8211;\u00a0<span data-end=\"2018-07-14T14:25:00+0200\">15h50<\/span><\/p>\n<h4><strong>DIMANCHE 5 AO\u00dbT<\/strong><br \/>\n<strong> WARM UP<\/strong><\/h4>\n<p><span data-ini-time=\"2018-07-15T09:40:00+0200\">09h10<\/span>\u00a0&#8211;\u00a0<span data-end=\"2018-07-15T10:00:00+0200\">09h30<\/span><\/p>\n<h4><strong>COURSE<\/strong><\/h4>\n<p>D\u00e9part \u00e0 12h20<\/p>\n<h4><strong>Record du tour en course<\/strong><\/h4>\n<p>2 min 01 s 581, par Johann Zarco en 2016<\/p>\n<h4><strong>Record du tour<\/strong><\/h4>\n<p>2 min 02 s 383, par Tito Rabat en 2014<\/p>\n<\/div>\n<\/div>\n<div style=\"border-left: #0b878f 4px solid; background-color: #eee; margin: 8px; width: 90%; float: left; max-width: 400px; min-height: 1100px;\">\n<p><img loading=\"lazy\" decoding=\"async\" class=\"size-full wp-image-10280\" src=\"data:image\/gif;base64,R0lGODdhAQABAPAAAP\/\/\/wAAACwAAAAAAQABAEACAkQBADs=\" data-lazy-src=\"\/enjoytheride\/wp-content\/uploads\/2017\/03\/circuit_spielberg_autriche.jpg\" alt=\"Circuit MotoGp d'Autriche\" width=\"400\" height=\"100\" \/><noscript><img loading=\"lazy\" decoding=\"async\" class=\"size-full wp-image-10280\" src=\"\/enjoytheride\/wp-content\/uploads\/2017\/03\/circuit_spielberg_autriche.jpg\" alt=\"Circuit MotoGp d'Autriche\" width=\"400\" height=\"100\" \/><\/noscript><\/p>\n<div style=\"padding: 10px;\">\n<h3>12 ao\u00fbt : Grand Prix Moto2 d&rsquo;Autriche<\/h3>\n<p><strong>Circuit de Spielberg<\/strong><\/p>\n<h4><strong>VENDREDI 10 AO\u00dbT<\/strong><br \/>\n<strong> ESSAIS<\/strong><\/h4>\n<p>FP1 : <span data-ini-time=\"2018-07-13T09:55:00+0200\">10h55<\/span>\u00a0&#8211;\u00a0<span data-end=\"2018-07-13T10:40:00+0200\">11h40<\/span><br \/>\nFP2: <span data-ini-time=\"2018-07-13T14:05:00+0200\">15h05<\/span>\u00a0&#8211;\u00a0<span data-end=\"2018-07-13T14:50:00+0200\">15h50<\/span><\/p>\n<h4><strong>SAMEDI 11 AO\u00dbT<\/strong><br \/>\n<strong> ESSAIS<\/strong><\/h4>\n<p>FP3 : <span data-ini-time=\"2018-07-14T09:55:00+0200\">10h55<\/span>\u00a0&#8211;\u00a0<span data-end=\"2018-07-14T10:40:00+0200\">11h40<\/span><\/p>\n<h4><strong>QUALIFICATIONS<\/strong><\/h4>\n<p><span data-ini-time=\"2018-07-14T14:10:00+0200\">15h05<\/span>\u00a0&#8211;\u00a0<span data-end=\"2018-07-14T14:25:00+0200\">15h50<\/span><\/p>\n<h4><strong>DIMANCHE 12 AO\u00dbT<\/strong><br \/>\n<strong> WARM UP<\/strong><\/h4>\n<p><span data-ini-time=\"2018-07-15T09:40:00+0200\">09h10<\/span>\u00a0&#8211;\u00a0<span data-end=\"2018-07-15T10:00:00+0200\">09h30<\/span><\/p>\n<h4><strong>COURSE<\/strong><\/h4>\n<p>D\u00e9part \u00e0 12h20<\/p>\n<h4><strong>Record du tour en course<\/strong><\/h4>\n<p>1 min 29 s 255, par Johann Zarco en 2016<\/p>\n<h4><strong>Record du tour<\/strong><\/h4>\n<p>1 min 29 s 497, par Johann Zarco en 2016<\/p>\n<\/div>\n<\/div>\n<div style=\"border-left: #0b878f 4px solid; background-color: #eee; margin: 8px; width: 90%; float: left; max-width: 400px; min-height: 1100px;\">\n<p><img loading=\"lazy\" decoding=\"async\" class=\"size-full wp-image-10279\" src=\"data:image\/gif;base64,R0lGODdhAQABAPAAAP\/\/\/wAAACwAAAAAAQABAEACAkQBADs=\" data-lazy-src=\"\/enjoytheride\/wp-content\/uploads\/2017\/03\/circuit_silverstone_grande_bretagne.jpg\" alt=\"Circuit MotoGP de Grande Bretagne\" width=\"400\" height=\"100\" \/><noscript><img loading=\"lazy\" decoding=\"async\" class=\"size-full wp-image-10279\" src=\"\/enjoytheride\/wp-content\/uploads\/2017\/03\/circuit_silverstone_grande_bretagne.jpg\" alt=\"Circuit MotoGP de Grande Bretagne\" width=\"400\" height=\"100\" \/><\/noscript><\/p>\n<div style=\"padding: 10px;\">\n<h3>26 ao\u00fbt : Grand Prix Moto2 de Grande Bretagne<\/h3>\n<p><strong>Circuit de Silverstone<\/strong> <\/p>\n<h4><strong>VENDREDI 24 AO\u00dbT<\/strong><br \/>\n<strong> ESSAIS<\/strong><\/h4>\n<p>FP1 : <span data-ini-time=\"2018-08-24T09:55:00+0100\">11h55<\/span>\u00a0&#8211;\u00a0<span data-end=\"2018-08-24T10:40:00+0100\">12h40<\/span><br \/>\nFP2: <span data-ini-time=\"2018-08-24T14:05:00+0100\">16h05<\/span>\u00a0&#8211;\u00a0<span data-end=\"2018-08-24T14:50:00+0100\">16h50<\/span><\/p>\n<h4><strong>SAMEDI 25 AO\u00dbT<\/strong><br \/>\n<strong> ESSAIS<\/strong><\/h4>\n<p>FP3 : <span data-ini-time=\"2018-08-25T09:55:00+0100\">11h55<\/span>\u00a0&#8211;\u00a0<span data-end=\"2018-08-25T10:40:00+0100\">12h40<\/span><\/p>\n<h4><strong>QUALIFICATIONS<\/strong><\/h4>\n<p><span data-ini-time=\"2018-08-25T14:10:00+0100\">16h05<\/span>\u00a0&#8211;\u00a0<span data-end=\"2018-08-25T14:25:00+0100\">16h50<\/span><\/p>\n<h4><strong>DIMANCHE 26 AO\u00dbT<\/strong><br \/>\n<strong> WARM UP<\/strong><\/h4>\n<p><span data-ini-time=\"2018-08-26T10:40:00+0100\">11h10<\/span>\u00a0&#8211;\u00a0<span data-end=\"2018-08-26T11:00:00+0100\">11h30<\/span><\/p>\n<h4><strong>COURSE<\/strong><\/h4>\n<p>D\u00e9part \u00e0 14h20<\/p>\n<h4><strong>Record du tour en course<\/strong><\/h4>\n<p>2 min 06 s 345, par Sam Lowes en 2015<\/p>\n<h4><strong>Record du tour<\/strong><\/h4>\n<p>2 min 06 s 690, par Franco Morbidelli en 2017<\/p>\n<\/div>\n<\/div>\n<div style=\"border-left: #0b878f 4px solid; background-color: #eee; margin: 8px; width: 90%; float: left; max-width: 400px; min-height: 1100px;\">\n<p><img loading=\"lazy\" decoding=\"async\" class=\"size-full wp-image-10273\" src=\"data:image\/gif;base64,R0lGODdhAQABAPAAAP\/\/\/wAAACwAAAAAAQABAEACAkQBADs=\" data-lazy-src=\"\/enjoytheride\/wp-content\/uploads\/2017\/03\/circuit_misano_saint_marin.jpg\" alt=\"Circuit MotoGP de Saint Marin\" width=\"400\" height=\"100\" \/><noscript><img loading=\"lazy\" decoding=\"async\" class=\"size-full wp-image-10273\" src=\"\/enjoytheride\/wp-content\/uploads\/2017\/03\/circuit_misano_saint_marin.jpg\" alt=\"Circuit MotoGP de Saint Marin\" width=\"400\" height=\"100\" \/><\/noscript><\/p>\n<div style=\"padding: 10px;\">\n<h3>9 septembre : Grand Prix Moto2 de Saint Marin<\/h3>\n<p><strong>Circuit de Misano<\/strong><\/p>\n<h4><strong>VENDREDI 7 SEPTEMBRE<\/strong><br \/>\n<strong> ESSAIS<\/strong><\/h4>\n<p>FP1 : <span data-ini-time=\"2018-09-07T09:55:00+0200\">10h55<\/span>\u00a0&#8211;\u00a0<span data-end=\"2018-09-07T10:40:00+0200\">11h40<\/span><br \/>\nFP2: <span data-ini-time=\"2018-09-07T14:05:00+0200\">15h05<\/span>\u00a0&#8211;\u00a0<span data-end=\"2018-09-07T14:50:00+0200\">15h50<\/span><\/p>\n<h4><strong>SAMEDI 8 SEPTEMBRE<\/strong><br \/>\n<strong> ESSAIS<\/strong><\/h4>\n<p>FP3 : <span data-ini-time=\"2018-09-08T09:55:00+0200\">09h55<\/span>\u00a0&#8211;\u00a0<span data-end=\"2018-09-08T10:40:00+0200\">10h40<\/span><\/p>\n<h4><strong>QUALIFICATIONS<\/strong><\/h4>\n<p><span data-ini-time=\"2018-09-08T14:10:00+0200\">15h05<\/span>\u00a0&#8211;\u00a0<span data-end=\"2018-09-08T14:25:00+0200\">15h50<\/span><\/p>\n<h4><strong>DIMANCHE 9 SEPTEMBRE<\/strong><br \/>\n<strong> WARM UP<\/strong><\/h4>\n<p><span data-ini-time=\"2018-09-09T09:40:00+0200\">09h10<\/span>\u00a0&#8211;\u00a0<span data-end=\"2018-09-09T10:00:00+0200\">09h30<\/span><\/p>\n<h4><strong>COURSE<\/strong><\/h4>\n<p>D\u00e9part \u00e0 12h20<\/p>\n<h4><strong>Record du tour en course<\/strong><\/h4>\n<p>1 min 36 s 754, par Johann Zarco en 2015<\/p>\n<h4><strong>Record du tour<\/strong><\/h4>\n<p>1 min 37 s 422, par Jonas Folger en 2015<\/p>\n<\/div>\n<\/div>\n<div style=\"border-left: #0b878f 4px solid; background-color: #eee; margin: 8px; width: 90%; float: left; max-width: 400px; min-height: 1100px;\">\n<p><img loading=\"lazy\" decoding=\"async\" class=\"size-full wp-image-10265\" src=\"data:image\/gif;base64,R0lGODdhAQABAPAAAP\/\/\/wAAACwAAAAAAQABAEACAkQBADs=\" data-lazy-src=\"\/enjoytheride\/wp-content\/uploads\/2017\/03\/circuit_aragon_aragon.jpg\" alt=\"Circuit MotoGP d'Arag\u00f3n\" width=\"400\" height=\"100\" \/><noscript><img loading=\"lazy\" decoding=\"async\" class=\"size-full wp-image-10265\" src=\"\/enjoytheride\/wp-content\/uploads\/2017\/03\/circuit_aragon_aragon.jpg\" alt=\"Circuit MotoGP d'Arag\u00f3n\" width=\"400\" height=\"100\" \/><\/noscript><\/p>\n<div style=\"padding: 10px;\">\n<h3>23 septembre : Grand Prix Moto2 d&rsquo;Arag\u00f3n<\/h3>\n<p><strong>Circuit de Motorland Arag\u00f3n<\/strong><\/p>\n<h4><strong>VENDREDI 21 SEPTEMBRE<\/strong><br \/>\n<strong> ESSAIS<\/strong><\/h4>\n<p>FP1 : <span data-ini-time=\"2018-09-07T09:55:00+0200\">10h55<\/span>\u00a0&#8211;\u00a0<span data-end=\"2018-09-07T10:40:00+0200\">11h40<\/span><br \/>\nFP2: <span data-ini-time=\"2018-09-07T14:05:00+0200\">15h05<\/span>\u00a0&#8211;\u00a0<span data-end=\"2018-09-07T14:50:00+0200\">15h50<\/span><\/p>\n<h4><strong>SAMEDI 22 SEPTEMBRE<\/strong><br \/>\n<strong> ESSAIS<\/strong><\/h4>\n<p>FP3 : <span data-ini-time=\"2018-09-08T09:55:00+0200\">10h55<\/span>\u00a0&#8211;\u00a0<span data-end=\"2018-09-08T10:40:00+0200\">11h40<\/span><\/p>\n<h4><strong>QUALIFICATIONS<\/strong><\/h4>\n<p><span data-ini-time=\"2018-09-08T14:10:00+0200\">15h05<\/span>\u00a0&#8211;\u00a0<span data-end=\"2018-09-08T14:25:00+0200\">15h50<\/span><\/p>\n<h4><strong>DIMANCHE 23 SEPTEMBRE<\/strong><br \/>\n<strong> WARM UP<\/strong><\/h4>\n<p><span data-ini-time=\"2018-09-09T09:40:00+0200\">09h10<\/span>\u00a0&#8211;\u00a0<span data-end=\"2018-09-09T10:00:00+0200\">09h30<\/span><\/p>\n<h4><strong>COURSE<\/strong><\/h4>\n<p>D\u00e9part \u00e0 12h20<\/p>\n<h4><strong>Record du tour en course<\/strong><\/h4>\n<p>1 min 52 s 232 par Tito Rabat en 2015<\/p>\n<h4><strong>Record du tour<\/strong><\/h4>\n<p>1 min 52 s 767, par Alex Rins en 2015<\/p>\n<\/div>\n<\/div>\n<div style=\"border-left: #0b878f 4px solid; background-color: #eee; margin: 8px; width: 90%; float: left; max-width: 400px; min-height: 1100px;\">\n<p><img loading=\"lazy\" decoding=\"async\" class=\"size-full wp-image-10274\" src=\"data:image\/gif;base64,R0lGODdhAQABAPAAAP\/\/\/wAAACwAAAAAAQABAEACAkQBADs=\" data-lazy-src=\"\/enjoytheride\/wp-content\/uploads\/2018\/01\/circuit_buriram_thailande.jpg\" alt=\"Circuit MotoGP de Tha\u00eflande\" width=\"400\" height=\"100\" \/><noscript><img loading=\"lazy\" decoding=\"async\" class=\"size-full wp-image-10274\" src=\"\/enjoytheride\/wp-content\/uploads\/2018\/01\/circuit_buriram_thailande.jpg\" alt=\"Circuit MotoGP de Tha\u00eflande\" width=\"400\" height=\"100\" \/><\/noscript><\/p>\n<div style=\"padding: 10px;\">\n<h3>7 octobre : Grand Prix Moto2 de Tha\u00eflande<\/h3>\n<p><strong>Circuit de Buriram<\/strong> <\/p>\n<p><strong>VENDREDI 5 OCTOBRE<\/strong><br \/>\n<strong> ESSAIS<\/strong><\/p>\n<p>FP1 : <span data-ini-time=\"2018-10-05T09:55:00+0700\">05h55<\/span>\u00a0&#8211;\u00a0<span data-end=\"2018-10-05T10:40:00+0700\">06h40<\/span><br \/>\nFP2: <span data-ini-time=\"2018-10-05T14:05:00+0700\">10h05<\/span>\u00a0&#8211;\u00a0<span data-end=\"2018-10-05T14:50:00+0700\">10h50<\/span><\/p>\n<h4><strong>SAMEDI 6 OCTOBRE<\/strong><br \/>\n<strong> ESSAIS<\/strong><\/h4>\n<p>FP3 : <span data-ini-time=\"2018-10-06T09:55:00+0700\">05h55<\/span>\u00a0&#8211;\u00a0<span data-end=\"2018-10-06T10:40:00+0700\">06h40<\/span><\/p>\n<h4><strong>QUALIFICATIONS<\/strong><\/h4>\n<p><span data-ini-time=\"2018-10-06T14:10:00+0700\">09h10<\/span>\u00a0&#8211;\u00a0<span data-end=\"2018-10-06T14:25:00+0700\">09h25<\/span><\/p>\n<h4><strong>DIMANCHE 7 OCTOBRE<\/strong><br \/>\n<strong> WARM UP<\/strong><\/h4>\n<p><span data-ini-time=\"2018-10-07T09:40:00+0700\">04h10<\/span>\u00a0&#8211;\u00a0<span data-end=\"2018-10-07T10:00:00+0700\">04h30<\/span><\/p>\n<h4><strong>COURSE<\/strong><\/h4>\n<p>D\u00e9part \u00e0 07h20<\/p>\n<h4><strong>Record du tour en course<\/strong><\/h4>\n<p>C\u2019est la 1\u00e8re course en Tha\u00eflande cette ann\u00e9e,<br \/>\naucun historique n\u2019est donc disponible !<\/p>\n<h4><strong>Record du tour<\/strong><\/h4>\n<p>&#8211;<\/p>\n<p>&nbsp;<\/p>\n<\/div>\n<\/div>\n<div style=\"border-left: #0b878f 4px solid; background-color: #eee; margin: 8px; width: 90%; float: left; max-width: 400px; min-height: 1100px;\">\n<p><img loading=\"lazy\" decoding=\"async\" class=\"size-full wp-image-10274\" src=\"data:image\/gif;base64,R0lGODdhAQABAPAAAP\/\/\/wAAACwAAAAAAQABAEACAkQBADs=\" data-lazy-src=\"\/enjoytheride\/wp-content\/uploads\/2017\/03\/circuit_motegi_japon.jpg\" alt=\"Circuit MotoGP du Japon\" width=\"400\" height=\"100\" \/><noscript><img loading=\"lazy\" decoding=\"async\" class=\"size-full wp-image-10274\" src=\"\/enjoytheride\/wp-content\/uploads\/2017\/03\/circuit_motegi_japon.jpg\" alt=\"Circuit MotoGP du Japon\" width=\"400\" height=\"100\" \/><\/noscript><\/p>\n<div style=\"padding: 10px;\">\n<h3>21 octobre : Grand Prix Moto2 du Japon<\/h3>\n<p><strong>Circuit de Motegi<\/strong> &#8211; 24 tours de 4,8 km<\/p>\n<p><strong>VENDREDI 19 OCTOBRE<\/strong><br \/>\n<strong> ESSAIS<\/strong><\/p>\n<p>FP1 : <span data-ini-time=\"2018-10-19T09:55:00+0900\">03h55<\/span>\u00a0&#8211;\u00a0<span data-end=\"2018-10-19T10:40:00+0900\">04h40<\/span><br \/>\nFP2: <span data-ini-time=\"2018-10-19T14:05:00+0900\">08h05<\/span>\u00a0&#8211;\u00a0<span data-end=\"2018-10-19T14:50:00+0900\">08h50<\/span><\/p>\n<h4><strong>SAMEDI 20 OCTOBRE<\/strong><br \/>\n<strong> ESSAIS<\/strong><\/h4>\n<p>FP3 : <span data-ini-time=\"2018-10-20T09:55:00+0900\">03h55<\/span>\u00a0&#8211;\u00a0<span data-end=\"2018-10-20T10:40:00+0900\">04h40<\/span><\/p>\n<h4><strong>QUALIFICATIONS<\/strong><\/h4>\n<p><span data-ini-time=\"2018-10-20T14:10:00+0900\">08h05<\/span>\u00a0&#8211;\u00a0<span data-end=\"2018-10-20T14:25:00+0900\">08h50<\/span><\/p>\n<h4><strong>DIMANCHE 21 OCTOBRE<\/strong><br \/>\n<strong> WARM UP<\/strong><\/h4>\n<p><span data-ini-time=\"2018-10-21T09:40:00+0900\">02h10<\/span>\u00a0&#8211;\u00a0<span data-end=\"2018-10-21T10:00:00+0900\">02h30<\/span><\/p>\n<h4><strong>COURSE<\/strong><\/h4>\n<p>D\u00e9part \u00e0 05h20<\/p>\n<h4><strong>Record du tour en course<\/strong><\/h4>\n<p>1 min 49 s 961 par Johann Zarco en 2016<\/p>\n<h4><strong>Record du tour<\/strong><\/h4>\n<p>1 min 50 s 788, par Franco Morbidelli en 2016<\/p>\n<\/div>\n<\/div>\n<div style=\"border-left: #0b878f 4px solid; background-color: #eee; margin: 8px; width: 90%; float: left; max-width: 400px; min-height: 1100px;\">\n<p><img loading=\"lazy\" decoding=\"async\" class=\"size-full wp-image-10276\" src=\"data:image\/gif;base64,R0lGODdhAQABAPAAAP\/\/\/wAAACwAAAAAAQABAEACAkQBADs=\" data-lazy-src=\"\/enjoytheride\/wp-content\/uploads\/2017\/03\/circuit_phillip_island_australie.jpg\" alt=\"Circuit MotoGP d'Autralie\" width=\"400\" height=\"100\" \/><noscript><img loading=\"lazy\" decoding=\"async\" class=\"size-full wp-image-10276\" src=\"\/enjoytheride\/wp-content\/uploads\/2017\/03\/circuit_phillip_island_australie.jpg\" alt=\"Circuit MotoGP d'Autralie\" width=\"400\" height=\"100\" \/><\/noscript><\/p>\n<div style=\"padding: 10px;\">\n<h3>28 octobre : Grand Prix Moto2 d&rsquo;Australie<\/h3>\n<p><strong>Circuit de Phillip Island<\/strong> &#8211; 27 tours de 4,4 km<\/p>\n<h4><strong>VENDREDI 26 OCTOBRE<\/strong><br \/>\n<strong> ESSAIS<\/strong><\/h4>\n<p>FP1 : <span data-ini-time=\"2018-10-26T09:55:00+1100\">01h55<\/span>\u00a0&#8211;\u00a0<span data-end=\"2018-10-26T10:40:00+1100\">02h40<\/span><br \/>\nFP2: <span data-ini-time=\"2018-10-26T14:05:00+1100\">06h05<\/span>\u00a0&#8211;\u00a0<span data-end=\"2018-10-26T14:50:00+1100\">06h50<\/span><\/p>\n<h4><strong>SAMEDI 27 OCTOBRE<\/strong><br \/>\n<strong> ESSAIS<\/strong><\/h4>\n<p>FP3 : <span data-ini-time=\"2018-10-26T09:55:00+1100\">01h55<\/span>\u00a0&#8211;\u00a0<span data-end=\"2018-10-26T10:40:00+1100\">02h40<\/span><\/p>\n<h4><strong>QUALIFICATIONS<\/strong><\/h4>\n<p><span data-ini-time=\"2018-10-27T14:10:00+1100\">06h05<\/span>\u00a0&#8211;\u00a0<span data-end=\"2018-10-27T14:25:00+1100\">05h50<\/span><\/p>\n<h4><strong>DIMANCHE 28 OCTOBRE<\/strong><br \/>\n<strong> WARM UP<\/strong><\/h4>\n<p><span data-ini-time=\"2018-10-28T09:40:00+1100\">00h10<\/span>\u00a0&#8211;\u00a0<span data-end=\"2018-10-28T10:00:00+1100\">00h30<\/span><\/p>\n<h4><strong>COURSE<\/strong><\/h4>\n<p>D\u00e9part \u00e0 02h20<\/p>\n<h4><strong>Record du tour en course<\/strong><\/h4>\n<p>1 min 32 s 470 par Tito Rabat en 2014<\/p>\n<h4><strong>Record du tour<\/strong><\/h4>\n<p>1 min 32 s 814, par Alex De Angelis en 2013<\/p>\n<\/div>\n<\/div>\n<div style=\"border-left: #0b878f 4px solid; background-color: #eee; margin: 8px; width: 90%; float: left; max-width: 400px; min-height: 1100px;\">\n<p><img loading=\"lazy\" decoding=\"async\" class=\"size-full wp-image-10278\" src=\"data:image\/gif;base64,R0lGODdhAQABAPAAAP\/\/\/wAAACwAAAAAAQABAEACAkQBADs=\" data-lazy-src=\"\/enjoytheride\/wp-content\/uploads\/2017\/03\/circuit_sepang_malaisie.jpg\" alt=\"Circuit MotoGP de Malaisie\" width=\"400\" height=\"100\" \/><noscript><img loading=\"lazy\" decoding=\"async\" class=\"size-full wp-image-10278\" src=\"\/enjoytheride\/wp-content\/uploads\/2017\/03\/circuit_sepang_malaisie.jpg\" alt=\"Circuit MotoGP de Malaisie\" width=\"400\" height=\"100\" \/><\/noscript><\/p>\n<div style=\"padding: 10px;\">\n<h3>4 novembre : Grand Prix Moto2 de Malaisie<\/h3>\n<p><strong>Circuit de Sepang<\/strong> &#8211; 20 tours de 5,5 km<\/p>\n<h4><strong>VENDREDI 2 NOVEMBRE<\/strong><br \/>\n<strong> ESSAIS<\/strong><\/h4>\n<p>FP1 : <span data-ini-time=\"2018-11-02T09:55:00+0800\">03h55<\/span>\u00a0&#8211;\u00a0<span data-end=\"2018-11-02T10:40:00+0800\">04h40<\/span><br \/>\nFP2: <span data-ini-time=\"2018-11-02T14:05:00+0800\">08h05<\/span>\u00a0&#8211;\u00a0<span data-end=\"2018-11-02T14:50:00+0800\">08h50<\/span><\/p>\n<h4><strong>SAMEDI 3 NOVEMBRE<\/strong><br \/>\n<strong> ESSAIS<\/strong><\/h4>\n<p>FP3 : <span data-ini-time=\"2018-11-03T09:55:00+0800\">03h55<\/span>\u00a0&#8211;\u00a0<span data-end=\"2018-11-03T10:40:00+0800\">04h40<\/span><\/p>\n<h4><strong>QUALIFICATIONS<\/strong><\/h4>\n<p><span data-ini-time=\"2018-11-03T14:10:00+0800\">08h05<\/span>\u00a0&#8211;\u00a0<span data-end=\"2018-11-03T14:25:00+0800\">08h50<\/span><\/p>\n<h4><strong>DIMANCHE 28 OCTOBRE<\/strong><br \/>\n<strong> WARM UP<\/strong><\/h4>\n<p><span data-ini-time=\"2018-11-04T09:40:00+0800\">02h10<\/span>\u00a0&#8211;\u00a0<span data-end=\"2018-11-04T10:00:00+0800\">02h30<\/span><\/p>\n<h4><strong>COURSE<\/strong><\/h4>\n<p>D\u00e9part \u00e0 05h20<\/p>\n<h4><strong>Record du tour en course<\/strong><\/h4>\n<p>2 min 06 s 383 par Thomas Luthi en 2015<\/p>\n<h4><strong>Record du tour<\/strong><\/h4>\n<p>2 min 06 s 952, par Miguel Oliveira en 2013<\/p>\n<\/div>\n<\/div>\n<div style=\"border-left: #0b878f 4px solid; background-color: #eee; margin: 8px; width: 90%; float: left; max-width: 400px; min-height: 1100px;\">\n<p><img loading=\"lazy\" decoding=\"async\" class=\"size-full wp-image-10282\" src=\"data:image\/gif;base64,R0lGODdhAQABAPAAAP\/\/\/wAAACwAAAAAAQABAEACAkQBADs=\" data-lazy-src=\"\/enjoytheride\/wp-content\/uploads\/2017\/03\/circuit_valence_valence.jpg\" alt=\"Circuit MotoGP de Valence\" width=\"400\" height=\"100\" \/><noscript><img loading=\"lazy\" decoding=\"async\" class=\"size-full wp-image-10282\" src=\"\/enjoytheride\/wp-content\/uploads\/2017\/03\/circuit_valence_valence.jpg\" alt=\"Circuit MotoGP de Valence\" width=\"400\" height=\"100\" \/><\/noscript><\/p>\n<div style=\"padding: 10px;\">\n<h3>18 novembre : Grand Prix Moto2 de Valence<\/h3>\n<p><strong>Circuit de Valence<\/strong> &#8211; 30 tours de 4,0 km<\/p>\n<h4><strong>VENDREDI 16 NOVEMBRE<\/strong><br \/>\n<strong> ESSAIS<\/strong><\/h4>\n<p>FP1 : <span data-ini-time=\"2018-11-16T09:55:00+0100\">10h55<\/span>\u00a0&#8211;\u00a0<span data-end=\"2018-11-16T10:40:00+0100\">11h40<\/span><br \/>\nFP2: <span data-ini-time=\"2018-11-16T14:05:00+0100\">15h05<\/span>\u00a0&#8211;\u00a0<span data-end=\"2018-11-16T14:50:00+0100\">15h50<\/span><\/p>\n<h4><strong>SAMEDI 17 NOVEMBRE<\/strong><br \/>\n<strong> ESSAIS<\/strong><\/h4>\n<p>FP3 : <span data-ini-time=\"2018-11-16T09:55:00+0100\">10h55<\/span>\u00a0&#8211;\u00a0<span data-end=\"2018-11-16T10:40:00+0100\">11h40<\/span><\/p>\n<h4><strong>QUALIFICATIONS<\/strong><\/h4>\n<p><span data-ini-time=\"2018-11-17T14:10:00+0100\">15h05<\/span>\u00a0&#8211;\u00a0<span data-end=\"2018-11-17T14:25:00+0100\">15h50<\/span><\/p>\n<h4><strong>DIMANCHE 18 OCTOBRE<\/strong><br \/>\n<strong> WARM UP<\/strong><\/h4>\n<p><span data-end=\"2018-11-04T10:00:00+0800\">09h10\u00a0&#8211;\u00a009h30<\/span><\/p>\n<h4><strong>COURSE<\/strong><\/h4>\n<p>D\u00e9part \u00e0 12h20<\/p>\n<h4><strong>Record du tour en course<\/strong><\/h4>\n<p>1 min 34 s 879 par Johann Zarco en 2016<\/p>\n<h4><strong>Record du tour<\/strong><\/h4>\n<p>1 min 35 s 312, par Thomas Luthi en 2014<\/p>\n<\/div>\n<\/div>\n<div style=\"clear: both;\"><\/div>\n<\/div>\n<div style=\"clear: both;\"><\/div>\n<p><em><span style=\"color: #808080;\">Sources : <a style=\"color: #808080;\" href=\"http:\/\/motogp.com\" target=\"_blank\" rel=\"noopener\">motogp.com<\/a>, <a style=\"color: #808080;\" href=\"http:\/\/www.rtbf.be\/sport\/moteurs\/moto-gp\" target=\"_blank\" rel=\"noopener\">rtbf.be<\/a>, <a style=\"color: #808080;\" href=\"http:\/\/www.motorevue.com\/rubriques\/motogp\" target=\"_blank\" rel=\"noopener\">motorevue.com<\/a>, <a style=\"color: #808080;\" href=\"http:\/\/fastestlaps.com\" target=\"_blank\" rel=\"noopener\">fastestlaps.com<\/a>, <a style=\"color: #808080;\" href=\"http:\/\/fr.eurosportplayer.com\/\" target=\"_blank\" rel=\"noopener\">eurosportplayer.com<\/a><\/span><\/em><\/p>\n<p><span style=\"color: #999999;\">Merci \u00e0 Justine !<\/span><\/p>\n","protected":false},"excerpt":{"rendered":"<p>2018 nous promet encore de belles bastons en Moto2&#8230; Entre Miguel Oliveira, Brad Binder, Francesco Bagnaia, toujours aussi remont\u00e9s, et tous autres candidats au podium, avouez qu&rsquo;il y a de quoi rendre tout pronostic assez incertain. Alors pour que vous puissiez suivre comme il se doit cette saison aguicheuse, retrouvez ici le calendrier Moto2 2018 [&hellip;]<\/p>\n","protected":false},"author":6,"featured_media":12932,"comment_status":"open","ping_status":"open","sticky":false,"template":"","format":"standard","meta":{"inline_featured_image":false,"footnotes":""},"categories":[304,303],"tags":[322,211],"yoast":{"focuskw":"calendrier moto2 2018","title":"Calendrier moto2 2018 : D\u00e9tails sur les circuits, horaires des diffusions !","metadesc":"Quelle course appara\u00eet cette ann\u00e9e ? \u00c0 quelle heure sera diffus\u00e9e la course Moto2 du GP de France ? Qui a remport\u00e9 l'\u00e9preuve l'ann\u00e9e pass\u00e9e ? La r\u00e9ponse \u00e0 ces questions et \u00e0 bien d'autres dans ce calendrier Moto2 2018 complet et clair. Devenez un expert !","linkdex":"91","metakeywords":"","meta-robots-noindex":"","meta-robots-nofollow":"","meta-robots-adv":"","canonical":"","redirect":"","opengraph-title":"","opengraph-description":"","opengraph-image":"","twitter-title":"","twitter-description":"","twitter-image":""},"bk_author_score":["0"],"bk_final_score":[],"bk_summary":[],"bk_cs1":["0"],"bk_cs2":["0"],"bk_cs3":["0"],"bk_cs4":["0"],"bk_cs5":["0"],"bk_cs6":["0"],"bk_ct1":[],"bk_ct2":[],"bk_ct3":[],"bk_ct4":[],"bk_ct5":[],"bk_ct6":[],"bk_gallery_content":[],"bk_image_upload":[],"bk_media_embed_code_post":[],"bk_page_fullwidth_checkbox":[],"bk_post_fullwidth_checkbox":["1"],"bk_review_checkbox":["0"],"lswd-posts-on-top":"false","_d3t_product_info_activate":["1"],"_d3t_product_info_reference":[""],"_d3t_product_media_detoure":[""],"d3t_etc_reference":[""],"d3t_etc_translate_yoast_focuskw":[""],"d3t_etc_translate_yoast_title":[""],"d3t_etc_translate_yoast_metadesc":[""],"d3t_etc_translate_product_media_detoure":[""],"d3t_etc_translate_product_info_reference":[""],"amp_enabled":true,"_links":{"self":[{"href":"https:\/\/www.motoblouz.com\/enjoytheride\/wp-json\/wp\/v2\/posts\/12767"}],"collection":[{"href":"https:\/\/www.motoblouz.com\/enjoytheride\/wp-json\/wp\/v2\/posts"}],"about":[{"href":"https:\/\/www.motoblouz.com\/enjoytheride\/wp-json\/wp\/v2\/types\/post"}],"author":[{"embeddable":true,"href":"https:\/\/www.motoblouz.com\/enjoytheride\/wp-json\/wp\/v2\/users\/6"}],"replies":[{"embeddable":true,"href":"https:\/\/www.motoblouz.com\/enjoytheride\/wp-json\/wp\/v2\/comments?post=12767"}],"version-history":[{"count":0,"href":"https:\/\/www.motoblouz.com\/enjoytheride\/wp-json\/wp\/v2\/posts\/12767\/revisions"}],"wp:featuredmedia":[{"embeddable":true,"href":"https:\/\/www.motoblouz.com\/enjoytheride\/wp-json\/wp\/v2\/media\/12932"}],"wp:attachment":[{"href":"https:\/\/www.motoblouz.com\/enjoytheride\/wp-json\/wp\/v2\/media?parent=12767"}],"wp:term":[{"taxonomy":"category","embeddable":true,"href":"https:\/\/www.motoblouz.com\/enjoytheride\/wp-json\/wp\/v2\/categories?post=12767"},{"taxonomy":"post_tag","embeddable":true,"href":"https:\/\/www.motoblouz.com\/enjoytheride\/wp-json\/wp\/v2\/tags?post=12767"}],"curies":[{"name":"wp","href":"https:\/\/api.w.org\/{rel}","templated":true}]}}