{"id":13980,"date":"2018-06-04T16:51:44","date_gmt":"2018-06-04T14:51:44","guid":{"rendered":"https:\/\/www.motoblouz.com\/enjoytheride\/enjoytheride\/?p=13980"},"modified":"2019-04-02T17:49:18","modified_gmt":"2019-04-02T15:49:18","slug":"grand-prix-de-france-moto-lhistoire-etait-belle","status":"publish","type":"post","link":"https:\/\/www.motoblouz.com\/enjoytheride\/actualites\/13980-grand-prix-de-france-moto-lhistoire-etait-belle-2018-06-04","title":{"rendered":"GRAND PRIX DE FRANCE MOTO : L&rsquo;HISTOIRE \u00c9TAIT BELLE"},"content":{"rendered":"<p>Le week-end des 19 et 20 mai dernier, le <strong>Grand Prix de France Moto 2018<\/strong> a d\u00e9roul\u00e9 un incroyable sc\u00e9nario. Claude Michy, l&rsquo;organisateur, a une fois de plus r\u00e9ussi son pari. Proposer \u00e0 un public venu en masse une histoire pleine de rebondissements, dont la fin en a surpris plus d&rsquo;un !<\/p>\n<p>Pour \u00e9crire un beau conte, les ingr\u00e9dients sont connus. Tout d&rsquo;abord, on commence par un cadre enchanteur. Ensuite, il faut un h\u00e9ros aux airs de chevalier blanc, courageux et humble. Enfin, comme \u00e0 se battre sans p\u00e9ril, on triomphe sans gloire, il s&rsquo;agit de trouver des adversaires valeureux et coriaces \u00e0 opposer \u00e0 notre personnage principal.<br \/>\nPour \u00e9crire un drame, la recette est quasiment la m\u00eame. Ajoutez seulement une fin tragique dans laquelle le preux chevalier est terrass\u00e9 alors qu&rsquo;il touchait au but&#8230;<\/p>\n<h2>Claude Michy, un auteur de g\u00e9nie !<\/h2>\n<p>Cette ann\u00e9e, le GP de France avait une saveur particuli\u00e8re. En effet, cela fait 25 ans que l&rsquo;\u00e9quipe de PHA, dirig\u00e9e par Claude Michy, officiait en temps qu&rsquo;organisateur de l&rsquo;\u00e9preuve.<br \/>\nPour bien se rendre compte de l&rsquo;importance qu&rsquo;occupent les promoteurs du rendez-vous tricolore, il est n\u00e9cessaire de rappeler \u00e0 quel point ceux-ci placent le public au centre de leur attention !<\/p>\n<p>Entre la Fan Zone, qui permet de rencontrer les pilotes et de leur poser des questions, le Show m\u00e9canique du samedi soir, la Grande Sc\u00e8ne qui propose des concerts ou encore la possibilit\u00e9 de faire le tour int\u00e9gral du circuit, les spectateurs sont v\u00e9ritablement choy\u00e9s par PHA.<\/p>\n<div id=\"attachment_13981\" style=\"width: 700px\" class=\"wp-caption aligncenter\"><img loading=\"lazy\" decoding=\"async\" aria-describedby=\"caption-attachment-13981\" class=\"wp-image-13981 size-medium\" title=\"Claude Michy au Grand Prix de France Moto 2018\" src=\"data:image\/gif;base64,R0lGODdhAQABAPAAAP\/\/\/wAAACwAAAAAAQABAEACAkQBADs=\" data-lazy-src=\"https:\/\/www.motoblouz.com\/enjoytheride\/wp-content\/uploads\/2018\/05\/FrenchGP-2018-01-690x388.jpg\" alt=\"La Fan Zone, un concept bien fran\u00e7ais! Merci M. Michy!\" width=\"690\" height=\"388\" data-lazy-srcset=\"https:\/\/www.motoblouz.com\/enjoytheride\/wp-content\/uploads\/2018\/05\/FrenchGP-2018-01-690x388.jpg 690w, https:\/\/www.motoblouz.com\/enjoytheride\/wp-content\/uploads\/2018\/05\/FrenchGP-2018-01-768x432.jpg 768w, https:\/\/www.motoblouz.com\/enjoytheride\/wp-content\/uploads\/2018\/05\/FrenchGP-2018-01-1024x576.jpg 1024w, https:\/\/www.motoblouz.com\/enjoytheride\/wp-content\/uploads\/2018\/05\/FrenchGP-2018-01.jpg 1600w\" data-lazy-sizes=\"(max-width: 690px) 100vw, 690px\" \/><noscript><img loading=\"lazy\" decoding=\"async\" aria-describedby=\"caption-attachment-13981\" class=\"wp-image-13981 size-medium\" title=\"Claude Michy au Grand Prix de France Moto 2018\" src=\"https:\/\/www.motoblouz.com\/enjoytheride\/wp-content\/uploads\/2018\/05\/FrenchGP-2018-01-690x388.jpg\" alt=\"La Fan Zone, un concept bien fran\u00e7ais! Merci M. Michy!\" width=\"690\" height=\"388\" srcset=\"https:\/\/www.motoblouz.com\/enjoytheride\/wp-content\/uploads\/2018\/05\/FrenchGP-2018-01-690x388.jpg 690w, https:\/\/www.motoblouz.com\/enjoytheride\/wp-content\/uploads\/2018\/05\/FrenchGP-2018-01-768x432.jpg 768w, https:\/\/www.motoblouz.com\/enjoytheride\/wp-content\/uploads\/2018\/05\/FrenchGP-2018-01-1024x576.jpg 1024w, https:\/\/www.motoblouz.com\/enjoytheride\/wp-content\/uploads\/2018\/05\/FrenchGP-2018-01.jpg 1600w\" sizes=\"(max-width: 690px) 100vw, 690px\" \/><\/noscript><p id=\"caption-attachment-13981\" class=\"wp-caption-text\">La Fan Zone, un concept bien fran\u00e7ais ! Merci M. Michy !<\/p><\/div>\n<p>Cependant, toujours \u00e0 la recherche d&rsquo;innovations, Claude Michy a lanc\u00e9 en 2017 la Handi Race. Cette course d&rsquo;envergure internationale voit s&rsquo;opposer des motards en situation de handicap. Les spectateurs ne s&rsquo;y sont pas tromp\u00e9s et ont retrouv\u00e9 avec plaisir les pilotes de la cat\u00e9gorie en 2018.<\/p>\n<h2>Johann Zarco, notre fier chevalier blanc&#8230;<\/h2>\n<p>Apr\u00e8s de bons essais libres le vendredi, Johann Zarco avait une nouvelle fois rendez-vous avec l&rsquo;Histoire du Grand Prix de France ce samedi 19 mai. Effectivement, les tribunes du Circuit Bugatti semblaient encore vibrer au rythme de la formidable performance r\u00e9alis\u00e9e par le fran\u00e7ais en 2017. JZ5 avait bouscul\u00e9 la hi\u00e9rarchie de la cat\u00e9gorie reine en s&#8217;emparant de la 3\u00e8me place lors des qualifications, puis de la 2nde en course !<\/p>\n<div id=\"attachment_13984\" style=\"width: 700px\" class=\"wp-caption aligncenter\"><img loading=\"lazy\" decoding=\"async\" aria-describedby=\"caption-attachment-13984\" class=\"wp-image-13984 size-medium\" title=\"Johann Zarco Grand Prix de France Moto 2018\" src=\"data:image\/gif;base64,R0lGODdhAQABAPAAAP\/\/\/wAAACwAAAAAAQABAEACAkQBADs=\" data-lazy-src=\"https:\/\/www.motoblouz.com\/enjoytheride\/wp-content\/uploads\/2018\/05\/FrenchGP-2018-04-690x388.jpg\" alt=\"Johann Zarco \u00e9tait de retour sur &quot;son territoire&quot;!\" width=\"690\" height=\"388\" data-lazy-srcset=\"https:\/\/www.motoblouz.com\/enjoytheride\/wp-content\/uploads\/2018\/05\/FrenchGP-2018-04-690x388.jpg 690w, https:\/\/www.motoblouz.com\/enjoytheride\/wp-content\/uploads\/2018\/05\/FrenchGP-2018-04-768x432.jpg 768w, https:\/\/www.motoblouz.com\/enjoytheride\/wp-content\/uploads\/2018\/05\/FrenchGP-2018-04-1024x576.jpg 1024w, https:\/\/www.motoblouz.com\/enjoytheride\/wp-content\/uploads\/2018\/05\/FrenchGP-2018-04.jpg 1600w\" data-lazy-sizes=\"(max-width: 690px) 100vw, 690px\" \/><noscript><img loading=\"lazy\" decoding=\"async\" aria-describedby=\"caption-attachment-13984\" class=\"wp-image-13984 size-medium\" title=\"Johann Zarco Grand Prix de France Moto 2018\" src=\"https:\/\/www.motoblouz.com\/enjoytheride\/wp-content\/uploads\/2018\/05\/FrenchGP-2018-04-690x388.jpg\" alt=\"Johann Zarco \u00e9tait de retour sur &quot;son territoire&quot;!\" width=\"690\" height=\"388\" srcset=\"https:\/\/www.motoblouz.com\/enjoytheride\/wp-content\/uploads\/2018\/05\/FrenchGP-2018-04-690x388.jpg 690w, https:\/\/www.motoblouz.com\/enjoytheride\/wp-content\/uploads\/2018\/05\/FrenchGP-2018-04-768x432.jpg 768w, https:\/\/www.motoblouz.com\/enjoytheride\/wp-content\/uploads\/2018\/05\/FrenchGP-2018-04-1024x576.jpg 1024w, https:\/\/www.motoblouz.com\/enjoytheride\/wp-content\/uploads\/2018\/05\/FrenchGP-2018-04.jpg 1600w\" sizes=\"(max-width: 690px) 100vw, 690px\" \/><\/noscript><p id=\"caption-attachment-13984\" class=\"wp-caption-text\">Johann Zarco \u00e9tait de retour sur \u00ab\u00a0son territoire\u00a0\u00bb<\/p><\/div>\n<p>Ainsi, c&rsquo;est une foule f\u00e9brile qui attendait le retour du h\u00e9ros sur ses terres.<br \/>\nL&rsquo;atmosph\u00e8re devenait \u00e9lectrique \u00e0 la fin des premi\u00e8res phases de qualifications. Malheureusement, alors qu&rsquo;il \u00e9tait en avance sur le temps de r\u00e9f\u00e9rence, Cal Crutchlow chutait tr\u00e8s lourdement. Sa Honda venait heurter la bosse a\u00e9rodynamique de sa combinaison et l&rsquo;anglais \u00e9tait \u00e9vacu\u00e9 sur civi\u00e8re. Les examens ne r\u00e9v\u00e9l\u00e8rent heureusement rien de grave mais sa participation \u00e0 la course semblait plus que compromise.<\/p>\n<p>Une fois pass\u00e9e l&rsquo;\u00e9motion, la s\u00e9ance qualificative finale d\u00e9butait. D\u00e8s les premi\u00e8res minutes, l&rsquo;activit\u00e9 en piste \u00e9tait intense. Le duel tant attendu qui devait opposer le Roi Marquez au Chevalier Zarco promettait d&rsquo;\u00eatre intense, et il le f\u00fbt ! Durant 15 minutes, les deux pilotes se sont \u00e9chang\u00e9s les coups par chronos interpos\u00e9s. Ce n&rsquo;est qu&rsquo;\u00e0 la fin de son ultime tour que Johann le brave triomphait de son adversaire espagnol, s&#8217;emparant par la m\u00eame occasion du record de la piste mancelle ! Le fran\u00e7ais signait la p\u00f4le devant Marc Marquez, et une l\u00e9gion italienne emmen\u00e9e par Danilo Petrucci, Andrea Iannone et Andrea Dovizioso.<\/p>\n<h2>Des nuits douces et un r\u00e9veil douloureux<\/h2>\n<p>Comment r\u00e9diger un article sur le Mans, sans \u00e9voquer l&rsquo;atmosph\u00e8re si particuli\u00e8re qui y r\u00e8gne la nuit ? En tant que motard passionn\u00e9, je ne peux que vous recommander de vous balader dans les campings \u00e0 la nuit tombante.<br \/>\nLes discussions sont anim\u00e9es, vivantes, et le plus souvent chaleureuses. L&rsquo;humour et la mauvaise foi se m\u00e9langent et les \u00e9clats de rires c\u00f4toient les sons Rock&rsquo;n Roll , la musique \u00e9lectro ou les chants r\u00e9gionaux.<br \/>\nLes promenades sont aussi l&rsquo;occasion de juger de l&rsquo;inventivit\u00e9 de certains&#8230;qui semblent s&rsquo;\u00eatre install\u00e9s pour des mois !<\/p>\n<p>Cette ann\u00e9e, la m\u00e9t\u00e9o aura \u00e9t\u00e9 cl\u00e9mente durant l&rsquo;int\u00e9gralit\u00e9 du week-end. Entre un soleil rayonnant et une chaleur supportable le jour et une douceur appr\u00e9ciable la nuit, la r\u00e9ussite f\u00fbt totale !<\/p>\n<div id=\"attachment_13987\" style=\"width: 700px\" class=\"wp-caption aligncenter\"><img loading=\"lazy\" decoding=\"async\" aria-describedby=\"caption-attachment-13987\" class=\"wp-image-13987 size-medium\" title=\"Moto 3 Grand Prix de France 2018\" src=\"data:image\/gif;base64,R0lGODdhAQABAPAAAP\/\/\/wAAACwAAAAAAQABAEACAkQBADs=\" data-lazy-src=\"https:\/\/www.motoblouz.com\/enjoytheride\/wp-content\/uploads\/2018\/05\/FrenchGP-2018-07-690x388.jpg\" alt=\"Chez les Moto 3, la grosse attaque c'est d\u00e8s le Warm-Up!\" width=\"690\" height=\"388\" data-lazy-srcset=\"https:\/\/www.motoblouz.com\/enjoytheride\/wp-content\/uploads\/2018\/05\/FrenchGP-2018-07-690x388.jpg 690w, https:\/\/www.motoblouz.com\/enjoytheride\/wp-content\/uploads\/2018\/05\/FrenchGP-2018-07-768x432.jpg 768w, https:\/\/www.motoblouz.com\/enjoytheride\/wp-content\/uploads\/2018\/05\/FrenchGP-2018-07-1024x576.jpg 1024w, https:\/\/www.motoblouz.com\/enjoytheride\/wp-content\/uploads\/2018\/05\/FrenchGP-2018-07.jpg 1600w\" data-lazy-sizes=\"(max-width: 690px) 100vw, 690px\" \/><noscript><img loading=\"lazy\" decoding=\"async\" aria-describedby=\"caption-attachment-13987\" class=\"wp-image-13987 size-medium\" title=\"Moto 3 Grand Prix de France 2018\" src=\"https:\/\/www.motoblouz.com\/enjoytheride\/wp-content\/uploads\/2018\/05\/FrenchGP-2018-07-690x388.jpg\" alt=\"Chez les Moto 3, la grosse attaque c'est d\u00e8s le Warm-Up!\" width=\"690\" height=\"388\" srcset=\"https:\/\/www.motoblouz.com\/enjoytheride\/wp-content\/uploads\/2018\/05\/FrenchGP-2018-07-690x388.jpg 690w, https:\/\/www.motoblouz.com\/enjoytheride\/wp-content\/uploads\/2018\/05\/FrenchGP-2018-07-768x432.jpg 768w, https:\/\/www.motoblouz.com\/enjoytheride\/wp-content\/uploads\/2018\/05\/FrenchGP-2018-07-1024x576.jpg 1024w, https:\/\/www.motoblouz.com\/enjoytheride\/wp-content\/uploads\/2018\/05\/FrenchGP-2018-07.jpg 1600w\" sizes=\"(max-width: 690px) 100vw, 690px\" \/><\/noscript><p id=\"caption-attachment-13987\" class=\"wp-caption-text\">Chez les Moto 3, la grosse attaque c&rsquo;est d\u00e8s le Warm-Up !<\/p><\/div>\n<p>Ce n&rsquo;est qu&rsquo;en d\u00e9but de matin\u00e9e, le dimanche, que le ciel semblait s&rsquo;assombrir sur le trac\u00e9 du Bugatti. En effet, lors du warm-up MotoGP, Johann le valeureux, \u00e0 qui tout semblait sourire, chutait suite \u00e0 un contact avec le suisse Tom Luthi. Si le pilote Tech 3 repartait sans mal, ce petit incident n&rsquo;\u00e9tait que l\u2019annonciateur de la triste fin d&rsquo;une histoire qui avait pourtant si bien commenc\u00e9e&#8230;<\/p>\n<h2>Le sc\u00e9nario \u00e9tait trop beau&#8230;<\/h2>\n<p>Apr\u00e8s que les Moto3 aient transform\u00e9 le Circuit du Mans en v\u00e9ritable chaudron bouillonnant (foncez sur YouTube visionner le sauvetage de Jacub Kornfeil !), la cat\u00e9gorie Moto2 voyait la victoire du nouveau prince de la vitesse italienne, Francesco Bagnaia. Les deux courses furent belles et les luttes intenses&#8230; Cependant, lorsque vers 13h45 les prototypes de la cat\u00e9gorie reine firent leur entr\u00e9e en piste pour leur tour d&rsquo;installation, les plus de 105.000 spectateurs retinrent leur respiration.<br \/>\nIl \u00e9tait temps de savoir si le chevalier Johann allait sortir vainqueur d&rsquo;une lutte de 27 tours avec les meilleurs pilotes de la plan\u00e8te.<br \/>\nQue la pression devait \u00eatre forte sur les \u00e9paules de notre h\u00e9ros et de tout le staff du team Tech3 lorsque les gradins se mirent \u00e0 r\u00e9sonner au son de la Marseillaise !<\/p>\n<p>\u00c0 14h, les feux s&rsquo;\u00e9teignirent. Le combat pouvait commencer.<br \/>\nAuteur d&rsquo;un d\u00e9part timide, Johann Zarco cravachait aussit\u00f4t sa monture pour revenir aux avants-postes. En un \u00e9clair, notre frenchie supersonique d\u00e9passait 3 pilotes dans la courbe Dunlop, s&rsquo;attribuant la 2\u00e8me place avec autorit\u00e9. Pendant ce temps, Marc Marquez semblait timide, cal\u00e9 quelques m\u00e8tres derri\u00e8re Andrea Dovizioso. Jorge Lorenzo profitait du tumulte pour s&rsquo;\u00e9chapper en t\u00eate de la course.<br \/>\nPlus \u00e0 l&rsquo;arri\u00e8re Cal Crutchlow, sorti le matin m\u00eame de l&rsquo;h\u00f4pital apr\u00e8s une nuit d&rsquo;observation, commen\u00e7ait une remont\u00e9e courageuse.<\/p>\n<p>Au cinqui\u00e8me tour, Andrea Dovizioso se faisait surprendre \u00e0 La Chapelle. En perdant l&rsquo;avant de sa Ducati, le pilote italien semblait hypoth\u00e9quer un peu plus ses chances de titre mondial. Marquez profitait de cette chute pour monter sur le podium et se rapprocher de Johann Zarco, alors solidement accroch\u00e9 \u00e0 la seconde place.<\/p>\n<h2>&#8230;Plus dure a \u00e9t\u00e9 la chute<\/h2>\n<p>C&rsquo;est au septi\u00e8me tour que le conte se changea en drame. Apr\u00e8s un d\u00e9but de course sous haute tension, c&rsquo;est finalement le virage du Garage Vert qui aura eu raison des espoirs de victoire de JZ5, et qui laissera l&rsquo;assistance abasourdie.<br \/>\nAlors qu&rsquo;il remontait sur Jorge Lorenzo, emmenant avec lui MM93, Johann perd l&rsquo;avant de sa M1. Au moment o\u00f9 le tandem rentre dans les graviers, le temps semble suspendu. L&rsquo;impensable s&rsquo;est produit et personne ne veut y croire. La meute des pilotes encore en course passe sans m\u00eame pr\u00eater attention au chevalier Zarco, lui m\u00eame spectateur de l&rsquo;action qui vient de mettre fin \u00e0 sa qu\u00eate.<\/p>\n<div id=\"attachment_13986\" style=\"width: 700px\" class=\"wp-caption aligncenter\"><img loading=\"lazy\" decoding=\"async\" aria-describedby=\"caption-attachment-13986\" class=\"wp-image-13986 size-medium\" title=\"MArc Marquez Grand Prix de France Moto 2018\" src=\"data:image\/gif;base64,R0lGODdhAQABAPAAAP\/\/\/wAAACwAAAAAAQABAEACAkQBADs=\" data-lazy-src=\"https:\/\/www.motoblouz.com\/enjoytheride\/wp-content\/uploads\/2018\/05\/FrenchGP-2018-06-690x388.jpg\" alt=\"Marc Marquez aura \u00e9t\u00e9 l'auteur d'une course solide!\" width=\"690\" height=\"388\" data-lazy-srcset=\"https:\/\/www.motoblouz.com\/enjoytheride\/wp-content\/uploads\/2018\/05\/FrenchGP-2018-06-690x388.jpg 690w, https:\/\/www.motoblouz.com\/enjoytheride\/wp-content\/uploads\/2018\/05\/FrenchGP-2018-06-768x432.jpg 768w, https:\/\/www.motoblouz.com\/enjoytheride\/wp-content\/uploads\/2018\/05\/FrenchGP-2018-06-1024x576.jpg 1024w, https:\/\/www.motoblouz.com\/enjoytheride\/wp-content\/uploads\/2018\/05\/FrenchGP-2018-06.jpg 1600w\" data-lazy-sizes=\"(max-width: 690px) 100vw, 690px\" \/><noscript><img loading=\"lazy\" decoding=\"async\" aria-describedby=\"caption-attachment-13986\" class=\"wp-image-13986 size-medium\" title=\"MArc Marquez Grand Prix de France Moto 2018\" src=\"https:\/\/www.motoblouz.com\/enjoytheride\/wp-content\/uploads\/2018\/05\/FrenchGP-2018-06-690x388.jpg\" alt=\"Marc Marquez aura \u00e9t\u00e9 l'auteur d'une course solide!\" width=\"690\" height=\"388\" srcset=\"https:\/\/www.motoblouz.com\/enjoytheride\/wp-content\/uploads\/2018\/05\/FrenchGP-2018-06-690x388.jpg 690w, https:\/\/www.motoblouz.com\/enjoytheride\/wp-content\/uploads\/2018\/05\/FrenchGP-2018-06-768x432.jpg 768w, https:\/\/www.motoblouz.com\/enjoytheride\/wp-content\/uploads\/2018\/05\/FrenchGP-2018-06-1024x576.jpg 1024w, https:\/\/www.motoblouz.com\/enjoytheride\/wp-content\/uploads\/2018\/05\/FrenchGP-2018-06.jpg 1600w\" sizes=\"(max-width: 690px) 100vw, 690px\" \/><\/noscript><p id=\"caption-attachment-13986\" class=\"wp-caption-text\">Marc Marquez aura \u00e9t\u00e9 l&rsquo;auteur d&rsquo;une course solide<\/p><\/div>\n<p>Malgr\u00e9 tout, le livre n&rsquo;est pas termin\u00e9 ! Le dernier chapitre verra un Marc Marquez, finalement s\u00fbr de lui, s&rsquo;imposer devant le sympathique Danilo Petrucci. L&rsquo;italien, en plus de monter sur le podium, repartira renforc\u00e9 dans sa conqu\u00eate d&rsquo;une Ducati officielle pour la saison prochaine ! C&rsquo;est finalement l&rsquo;\u00e9ternel Valentino Rossi qui s&#8217;emparera de la 3\u00e8me place, renvoyant aux oubliettes sa d\u00e9convenue de l&rsquo;an pass\u00e9.<br \/>\nFinalement, l&rsquo;autre h\u00e9ros du week-end aura \u00e9t\u00e9 Cal Crutchlow. Le tenace anglais coupera la ligne d&rsquo;arriv\u00e9e en 8\u00e8me position, apr\u00e8s avoir d\u00e9pass\u00e9 3 pilotes dans les 5 derniers tours. Difficile d&rsquo;envisager une telle performance la veille ! Surtout lorsque CC35 r\u00e9v\u00e9lera que son crash aura eu lieu alors que son airbag \u00e9tait inactif&#8230;<\/p>\n<div id=\"attachment_13982\" style=\"width: 700px\" class=\"wp-caption aligncenter\"><img loading=\"lazy\" decoding=\"async\" aria-describedby=\"caption-attachment-13982\" class=\"wp-image-13982 size-medium\" title=\"Cal Crutchlow Grand Prix de France moto 2018\" src=\"data:image\/gif;base64,R0lGODdhAQABAPAAAP\/\/\/wAAACwAAAAAAQABAEACAkQBADs=\" data-lazy-src=\"https:\/\/www.motoblouz.com\/enjoytheride\/wp-content\/uploads\/2018\/05\/FrenchGP-2018-02-690x388.jpg\" alt=\"Apr\u00e8s une nuit \u00e0 l'h\u00f4pital, Cal Crutchlow a \u00e9t\u00e9 ovationn\u00e9 au Mans!\" width=\"690\" height=\"388\" data-lazy-srcset=\"https:\/\/www.motoblouz.com\/enjoytheride\/wp-content\/uploads\/2018\/05\/FrenchGP-2018-02-690x388.jpg 690w, https:\/\/www.motoblouz.com\/enjoytheride\/wp-content\/uploads\/2018\/05\/FrenchGP-2018-02-768x432.jpg 768w, https:\/\/www.motoblouz.com\/enjoytheride\/wp-content\/uploads\/2018\/05\/FrenchGP-2018-02-1024x576.jpg 1024w, https:\/\/www.motoblouz.com\/enjoytheride\/wp-content\/uploads\/2018\/05\/FrenchGP-2018-02.jpg 1600w\" data-lazy-sizes=\"(max-width: 690px) 100vw, 690px\" \/><noscript><img loading=\"lazy\" decoding=\"async\" aria-describedby=\"caption-attachment-13982\" class=\"wp-image-13982 size-medium\" title=\"Cal Crutchlow Grand Prix de France moto 2018\" src=\"https:\/\/www.motoblouz.com\/enjoytheride\/wp-content\/uploads\/2018\/05\/FrenchGP-2018-02-690x388.jpg\" alt=\"Apr\u00e8s une nuit \u00e0 l'h\u00f4pital, Cal Crutchlow a \u00e9t\u00e9 ovationn\u00e9 au Mans!\" width=\"690\" height=\"388\" srcset=\"https:\/\/www.motoblouz.com\/enjoytheride\/wp-content\/uploads\/2018\/05\/FrenchGP-2018-02-690x388.jpg 690w, https:\/\/www.motoblouz.com\/enjoytheride\/wp-content\/uploads\/2018\/05\/FrenchGP-2018-02-768x432.jpg 768w, https:\/\/www.motoblouz.com\/enjoytheride\/wp-content\/uploads\/2018\/05\/FrenchGP-2018-02-1024x576.jpg 1024w, https:\/\/www.motoblouz.com\/enjoytheride\/wp-content\/uploads\/2018\/05\/FrenchGP-2018-02.jpg 1600w\" sizes=\"(max-width: 690px) 100vw, 690px\" \/><\/noscript><p id=\"caption-attachment-13982\" class=\"wp-caption-text\">Apr\u00e8s une nuit \u00e0 l&rsquo;h\u00f4pital, Cal Crutchlow a \u00e9t\u00e9 ovationn\u00e9 au Mans !<\/p><\/div>\n<h2>Pr\u00eats pour un nouveau chapitre ?<\/h2>\n<p>Vous l&rsquo;aurez compris, il aura suffit d&rsquo;un paragraphe malheureux pour que l&rsquo;histoire compl\u00e8te bascule.<br \/>\nCependant, nous avons toutes les raisons de nous r\u00e9jouir !<\/p>\n<p>En effet, la premi\u00e8re bonne nouvelle nous vient de l&rsquo;organisation du Grand Prix de France et du promoteur du MotoGP. Les deux acteurs se sont entendus et ont annonc\u00e9 la pr\u00e9sence du Mans au calendrier jusqu&rsquo;en 2026 au moins !<\/p>\n<div id=\"attachment_13983\" style=\"width: 700px\" class=\"wp-caption aligncenter\"><img loading=\"lazy\" decoding=\"async\" aria-describedby=\"caption-attachment-13983\" class=\"wp-image-13983 size-medium\" title=\"Pol Espargaro Grand Prix de France 2018\" src=\"data:image\/gif;base64,R0lGODdhAQABAPAAAP\/\/\/wAAACwAAAAAAQABAEACAkQBADs=\" data-lazy-src=\"https:\/\/www.motoblouz.com\/enjoytheride\/wp-content\/uploads\/2018\/05\/FrenchGP-2018-03-690x388.jpg\" alt=\"En 2019 et 2020, Johann Zarco sera co\u00e9quipier de Pol Espargaro chez KTM!\" width=\"690\" height=\"388\" data-lazy-srcset=\"https:\/\/www.motoblouz.com\/enjoytheride\/wp-content\/uploads\/2018\/05\/FrenchGP-2018-03-690x388.jpg 690w, https:\/\/www.motoblouz.com\/enjoytheride\/wp-content\/uploads\/2018\/05\/FrenchGP-2018-03-768x432.jpg 768w, https:\/\/www.motoblouz.com\/enjoytheride\/wp-content\/uploads\/2018\/05\/FrenchGP-2018-03-1024x576.jpg 1024w, https:\/\/www.motoblouz.com\/enjoytheride\/wp-content\/uploads\/2018\/05\/FrenchGP-2018-03.jpg 1600w\" data-lazy-sizes=\"(max-width: 690px) 100vw, 690px\" \/><noscript><img loading=\"lazy\" decoding=\"async\" aria-describedby=\"caption-attachment-13983\" class=\"wp-image-13983 size-medium\" title=\"Pol Espargaro Grand Prix de France 2018\" src=\"https:\/\/www.motoblouz.com\/enjoytheride\/wp-content\/uploads\/2018\/05\/FrenchGP-2018-03-690x388.jpg\" alt=\"En 2019 et 2020, Johann Zarco sera co\u00e9quipier de Pol Espargaro chez KTM!\" width=\"690\" height=\"388\" srcset=\"https:\/\/www.motoblouz.com\/enjoytheride\/wp-content\/uploads\/2018\/05\/FrenchGP-2018-03-690x388.jpg 690w, https:\/\/www.motoblouz.com\/enjoytheride\/wp-content\/uploads\/2018\/05\/FrenchGP-2018-03-768x432.jpg 768w, https:\/\/www.motoblouz.com\/enjoytheride\/wp-content\/uploads\/2018\/05\/FrenchGP-2018-03-1024x576.jpg 1024w, https:\/\/www.motoblouz.com\/enjoytheride\/wp-content\/uploads\/2018\/05\/FrenchGP-2018-03.jpg 1600w\" sizes=\"(max-width: 690px) 100vw, 690px\" \/><\/noscript><p id=\"caption-attachment-13983\" class=\"wp-caption-text\">En 2019 et 2020, Johann Zarco sera le co\u00e9quipier de Pol Espargaro chez KTM !<\/p><\/div>\n<p>La seconde information de taille concerne l&rsquo;Homme qui aura fait vibrer le public jusqu&rsquo;au septi\u00e8me tour d&rsquo;une course folle. \u00c0 moins que vous ne viviez sur une autre plan\u00e8te, sans connexion internet ni contact avec vos potes motards, cela ne vous aura sans doute pas \u00e9chapp\u00e9 : Johann Zarco disposera d&rsquo;une KTM officielle durant les deux prochaines saisons ! Le pilote sera accompagn\u00e9 dans sa migration par le Team Tech3, qui devient l&rsquo;\u00e9quipe Junior du fabriquant autrichien \u00e0 compter de la saison 2019.<\/p>\n<p>Alors&#8230; Press\u00e9s d&rsquo;attaquer la lecture d&rsquo;un nouveau Tome ?<\/p>\n","protected":false},"excerpt":{"rendered":"<p>Le week-end des 19 et 20 mai dernier, le Grand Prix de France Moto 2018 a d\u00e9roul\u00e9 un incroyable sc\u00e9nario. Claude Michy, l&rsquo;organisateur, a une fois de plus r\u00e9ussi son pari. Proposer \u00e0 un public venu en masse une histoire pleine de rebondissements, dont la fin en a surpris plus d&rsquo;un ! Pour \u00e9crire un [&hellip;]<\/p>\n","protected":false},"author":1075,"featured_media":13985,"comment_status":"open","ping_status":"open","sticky":false,"template":"","format":"standard","meta":{"inline_featured_image":false,"footnotes":""},"categories":[304,303],"tags":[322,141,337],"yoast":{"focuskw":"Grand Prix de France Moto","title":"Grand Prix de France Moto 2018 - Compte Rendu complet !","metadesc":"Retour sur l'incroyable sc\u00e9nario du Grand Prix de France Moto du 19 et 20 mai 2018, o\u00f9 le fran\u00e7ais Johann Zarco fut l'un des principaux acteurs.","linkdex":"80","metakeywords":"","meta-robots-noindex":"","meta-robots-nofollow":"","meta-robots-adv":"","canonical":"","redirect":"","opengraph-title":"","opengraph-description":"","opengraph-image":"","twitter-title":"","twitter-description":"","twitter-image":""},"bk_author_score":["0"],"bk_final_score":[],"bk_summary":[],"bk_cs1":["0"],"bk_cs2":["0"],"bk_cs3":["0"],"bk_cs4":["0"],"bk_cs5":["0"],"bk_cs6":["0"],"bk_ct1":[],"bk_ct2":[],"bk_ct3":[],"bk_ct4":[],"bk_ct5":[],"bk_ct6":[],"bk_gallery_content":[],"bk_image_upload":[],"bk_media_embed_code_post":[],"bk_page_fullwidth_checkbox":[],"bk_post_fullwidth_checkbox":["0"],"bk_review_checkbox":["0"],"lswd-posts-on-top":"false","_d3t_product_info_activate":["1"],"_d3t_product_info_reference":[""],"_d3t_product_media_detoure":[""],"d3t_etc_reference":[""],"d3t_etc_translate_yoast_focuskw":[""],"d3t_etc_translate_yoast_title":[""],"d3t_etc_translate_yoast_metadesc":[""],"d3t_etc_translate_product_media_detoure":[""],"d3t_etc_translate_product_info_reference":[""],"amp_enabled":true,"_links":{"self":[{"href":"https:\/\/www.motoblouz.com\/enjoytheride\/wp-json\/wp\/v2\/posts\/13980"}],"collection":[{"href":"https:\/\/www.motoblouz.com\/enjoytheride\/wp-json\/wp\/v2\/posts"}],"about":[{"href":"https:\/\/www.motoblouz.com\/enjoytheride\/wp-json\/wp\/v2\/types\/post"}],"author":[{"embeddable":true,"href":"https:\/\/www.motoblouz.com\/enjoytheride\/wp-json\/wp\/v2\/users\/1075"}],"replies":[{"embeddable":true,"href":"https:\/\/www.motoblouz.com\/enjoytheride\/wp-json\/wp\/v2\/comments?post=13980"}],"version-history":[{"count":0,"href":"https:\/\/www.motoblouz.com\/enjoytheride\/wp-json\/wp\/v2\/posts\/13980\/revisions"}],"wp:featuredmedia":[{"embeddable":true,"href":"https:\/\/www.motoblouz.com\/enjoytheride\/wp-json\/wp\/v2\/media\/13985"}],"wp:attachment":[{"href":"https:\/\/www.motoblouz.com\/enjoytheride\/wp-json\/wp\/v2\/media?parent=13980"}],"wp:term":[{"taxonomy":"category","embeddable":true,"href":"https:\/\/www.motoblouz.com\/enjoytheride\/wp-json\/wp\/v2\/categories?post=13980"},{"taxonomy":"post_tag","embeddable":true,"href":"https:\/\/www.motoblouz.com\/enjoytheride\/wp-json\/wp\/v2\/tags?post=13980"}],"curies":[{"name":"wp","href":"https:\/\/api.w.org\/{rel}","templated":true}]}}