{"id":16342,"date":"2019-02-04T15:10:38","date_gmt":"2019-02-04T14:10:38","guid":{"rendered":"https:\/\/www.motoblouz.com\/enjoytheride\/enjoytheride\/?p=16342"},"modified":"2023-09-20T14:35:32","modified_gmt":"2023-09-20T12:35:32","slug":"team-sr-enduropale-2019","status":"publish","type":"post","link":"https:\/\/www.motoblouz.com\/enjoytheride\/actus-evenements-moto\/16342-team-sr-enduropale-2019-2019-02-04","title":{"rendered":"Enduropale 2019 : Le Team SR fait le spectacle !"},"content":{"rendered":"<p>Podium pour Richard Fura \u00e0 l&rsquo;Enduropale 2019 ! Voil\u00e0 comment on pourrait r\u00e9sumer la performance du team SR au Touquet ce dimanche si on s&rsquo;en tenait \u00e0 jeter un \u0153il au trio de t\u00eate. Parce que dans les faits, les trois pilotes ont sacr\u00e9ment anim\u00e9 les trois heures de courses, avec une mention sp\u00e9ciale pour Jeremy Van Horebeek. On d\u00e9taille les performances de chacun !<\/p>\n<p><!--more--><\/p>\n<h2>Jeremy Van Horebeek, le flamboyant<\/h2>\n<p>Comme <a href=\"https:\/\/www.motoblouz.com\/enjoytheride\/actualites\/16323-enduropale-2019-team-sr-2019-02-02\">on vous l&rsquo;expliquait la veille du d\u00e9part<\/a>, Jeremy \u00e9tait attendu au tournant apr\u00e8s sa belle prestation d\u00e9but Janvier \u00e0 Grayan. Ambitieux, il ne cachait pas son envie de remporter le Touquet avec un aplomb qu&rsquo;on aurait pu juger un peu audacieux pour quelqu&rsquo;un qui n&rsquo;a jamais pris le d\u00e9part de cette \u00e9preuve bien sp\u00e9ciale du Championnat de France des courses sur sable (CFS). Eh bien le gars a tenu parole ! Ou presque&#8230; Apr\u00e8s un d\u00e9part correct, Van Horebeek a entam\u00e9 une remont\u00e9e flamboyante sur les pilotes de t\u00eate, impressionnant tout le monde par sa vitesse.<\/p>\n<div id=\"fb-root\"><\/div>\n<p><script>(function(d, s, id) {  var js, fjs = d.getElementsByTagName(s)[0];  if (d.getElementById(id)) return;  js = d.createElement(s); js.id = id;  js.src = 'https:\/\/connect.facebook.net\/fr_FR\/sdk.js#xfbml=1&version=v3.2';  fjs.parentNode.insertBefore(js, fjs);}(document, 'script', 'facebook-jssdk'));<\/script><\/p>\n<div class=\"fb-video\" data-href=\"https:\/\/www.facebook.com\/teamsroff\/videos\/2203681199882314\/\" data-width=\"1050\">\n<blockquote cite=\"https:\/\/www.facebook.com\/teamsroff\/videos\/2203681199882314\/\" class=\"fb-xfbml-parse-ignore\"><p><a href=\"https:\/\/www.facebook.com\/teamsroff\/videos\/2203681199882314\/\">Camera Embarqu\u00e9e &#8211; Touquet 2019 &#8211; Van Horebeek<\/a><\/p>\n<p>Les motos sont encore chaudes que l&#039;on vous permet d\u00e9j\u00e0 de revivre la 1\u00e8re partie de la course de Jeremy Van Horebeek Official  en cam\u00e9ra embarqu\u00e9e !! On est quand m\u00eame super sympa avec vous :)&#8230;C\u00f4t\u00e9 r\u00e9sultats \u00e9norme 3\u00e8me place de Richard Fura #250 en plein retour de blesssure, 5\u00e8me  qui place de Stephane Watel qui s&#039;est vraiment bien battu et la grosse d\u00e9c\u00e9ption pour Jeremy qui casse son radiateur en percutant un retardataire apr\u00e8s avoir mener la course pendant 2H !!..Controltech MOTO I Honda Moto I Hexis Energy Drink I Kenny Racing I Motoblouz<\/p>\n<p>Publi\u00e9e par <a href=\"https:\/\/www.facebook.com\/teamsroff\/\">Team SR &#8211; Officiel<\/a> sur Dimanche 3 f\u00e9vrier 2019<\/p><\/blockquote>\n<\/div>\n<p>1H20 plus tard, il rattrape m\u00eame Camille Chapeli\u00e8re (KTM) et finit par le d\u00e9passer, prenant le lead de l&rsquo;Enduropale ! Le petit nouveau du team bataille pour garder sa place pas loin d&rsquo;une heure, mais un chute et surtout un contact avec la moto d&rsquo;un \u00ab\u00a0retardataire\u00a0\u00bb auront raison de cette course de r\u00eave. Le radiateur est touch\u00e9 et la moto finit par rendre la main vers 2h20 de course. La d\u00e9ception est grande. Quoi qu&rsquo;il en soit, pour un coup d&rsquo;essai, il y a de quoi s&rsquo;incliner, d&rsquo;autant qu&rsquo;il signe le tour le plus rapide de la course (10:13.289). Bravo Jeremy !<\/p>\n<p>&nbsp;<\/p>\n<div id=\"attachment_16348\" style=\"width: 2010px\" class=\"wp-caption aligncenter\"><img loading=\"lazy\" decoding=\"async\" aria-describedby=\"caption-attachment-16348\" class=\"size-full wp-image-16348\" src=\"data:image\/gif;base64,R0lGODdhAQABAPAAAP\/\/\/wAAACwAAAAAAQABAEACAkQBADs=\" data-lazy-src=\"https:\/\/www.motoblouz.com\/enjoytheride\/wp-content\/uploads\/2019\/02\/richard_fura_ligne_depart_enduropale_2019.jpg\" alt=\"Richard Fura Eduropale 2019\" width=\"2000\" height=\"1334\" data-lazy-srcset=\"https:\/\/www.motoblouz.com\/enjoytheride\/wp-content\/uploads\/2019\/02\/richard_fura_ligne_depart_enduropale_2019.jpg 2000w, https:\/\/www.motoblouz.com\/enjoytheride\/wp-content\/uploads\/2019\/02\/richard_fura_ligne_depart_enduropale_2019-690x460.jpg 690w, https:\/\/www.motoblouz.com\/enjoytheride\/wp-content\/uploads\/2019\/02\/richard_fura_ligne_depart_enduropale_2019-768x512.jpg 768w, https:\/\/www.motoblouz.com\/enjoytheride\/wp-content\/uploads\/2019\/02\/richard_fura_ligne_depart_enduropale_2019-1024x683.jpg 1024w, https:\/\/www.motoblouz.com\/enjoytheride\/wp-content\/uploads\/2019\/02\/richard_fura_ligne_depart_enduropale_2019-330x220.jpg 330w, https:\/\/www.motoblouz.com\/enjoytheride\/wp-content\/uploads\/2019\/02\/richard_fura_ligne_depart_enduropale_2019-272x182.jpg 272w\" data-lazy-sizes=\"(max-width: 2000px) 100vw, 2000px\" \/><noscript><img loading=\"lazy\" decoding=\"async\" aria-describedby=\"caption-attachment-16348\" class=\"size-full wp-image-16348\" src=\"https:\/\/www.motoblouz.com\/enjoytheride\/wp-content\/uploads\/2019\/02\/richard_fura_ligne_depart_enduropale_2019.jpg\" alt=\"Richard Fura Eduropale 2019\" width=\"2000\" height=\"1334\" srcset=\"https:\/\/www.motoblouz.com\/enjoytheride\/wp-content\/uploads\/2019\/02\/richard_fura_ligne_depart_enduropale_2019.jpg 2000w, https:\/\/www.motoblouz.com\/enjoytheride\/wp-content\/uploads\/2019\/02\/richard_fura_ligne_depart_enduropale_2019-690x460.jpg 690w, https:\/\/www.motoblouz.com\/enjoytheride\/wp-content\/uploads\/2019\/02\/richard_fura_ligne_depart_enduropale_2019-768x512.jpg 768w, https:\/\/www.motoblouz.com\/enjoytheride\/wp-content\/uploads\/2019\/02\/richard_fura_ligne_depart_enduropale_2019-1024x683.jpg 1024w, https:\/\/www.motoblouz.com\/enjoytheride\/wp-content\/uploads\/2019\/02\/richard_fura_ligne_depart_enduropale_2019-330x220.jpg 330w, https:\/\/www.motoblouz.com\/enjoytheride\/wp-content\/uploads\/2019\/02\/richard_fura_ligne_depart_enduropale_2019-272x182.jpg 272w\" sizes=\"(max-width: 2000px) 100vw, 2000px\" \/><\/noscript><p id=\"caption-attachment-16348\" class=\"wp-caption-text\">Richard Fura, l&rsquo;a\u00een\u00e9 des trois pilotes du team SR au Touquet, sur la ligne droite du d\u00e9part<\/p><\/div>\n<h2>Richard Fura, le r\u00e9gulier<\/h2>\n<p>Fura a de la bouteille au Touquet. \u00c7a se voit \u00e0 sa fa\u00e7on d&rsquo;appr\u00e9hender la course, caract\u00e9ris\u00e9e par un recul sur la situation clairement dict\u00e9 par l&rsquo;exp\u00e9rience. Alors que Jeremy doit rentrer au stand, lui se bat pour la quatri\u00e8me place, tenue par Daymond Martens (Yamaha). R\u00e9gulier, Richard parvient \u00e0 garder le rythme sur les derniers tours. Tout se joue dans le tout dernier tour o\u00f9, comme souvent au Touquet, le malheur des uns fait le bonheur des autres.<\/p>\n<p>Milko Potisek (Yamaha), alors en chasse du leader Nathan Watson (KTM), est perdu par les cam\u00e9ras. Une panne l&rsquo;a en effet contraint \u00e0 abandonner \u00e0 quelques centaines de m\u00e8tres de l&rsquo;arriv\u00e9e&#8230; Une aubaine pour Richard qui grimpe ainsi sur la troisi\u00e8me marche du podium. Pas mal pour un pilote qui a d\u00fb arr\u00eater la moto pendant pr\u00e8s d&rsquo;un an des suites de ses blessures, et qui n&rsquo;a repris le guidon qu&rsquo;un mois plus t\u00f4t !<\/p>\n<div id=\"attachment_16349\" style=\"width: 2010px\" class=\"wp-caption aligncenter\"><img loading=\"lazy\" decoding=\"async\" aria-describedby=\"caption-attachment-16349\" class=\"size-full wp-image-16349\" src=\"data:image\/gif;base64,R0lGODdhAQABAPAAAP\/\/\/wAAACwAAAAAAQABAEACAkQBADs=\" data-lazy-src=\"https:\/\/www.motoblouz.com\/enjoytheride\/wp-content\/uploads\/2019\/02\/stephane_watel_avant_depart_enduropale_2019.jpg.jpg\" alt=\"St\u00e9phane Watel Enduropale 2019\" width=\"2000\" height=\"1334\" data-lazy-srcset=\"https:\/\/www.motoblouz.com\/enjoytheride\/wp-content\/uploads\/2019\/02\/stephane_watel_avant_depart_enduropale_2019.jpg.jpg 2000w, https:\/\/www.motoblouz.com\/enjoytheride\/wp-content\/uploads\/2019\/02\/stephane_watel_avant_depart_enduropale_2019.jpg-690x460.jpg 690w, https:\/\/www.motoblouz.com\/enjoytheride\/wp-content\/uploads\/2019\/02\/stephane_watel_avant_depart_enduropale_2019.jpg-768x512.jpg 768w, https:\/\/www.motoblouz.com\/enjoytheride\/wp-content\/uploads\/2019\/02\/stephane_watel_avant_depart_enduropale_2019.jpg-1024x683.jpg 1024w, https:\/\/www.motoblouz.com\/enjoytheride\/wp-content\/uploads\/2019\/02\/stephane_watel_avant_depart_enduropale_2019.jpg-330x220.jpg 330w, https:\/\/www.motoblouz.com\/enjoytheride\/wp-content\/uploads\/2019\/02\/stephane_watel_avant_depart_enduropale_2019.jpg-272x182.jpg 272w\" data-lazy-sizes=\"(max-width: 2000px) 100vw, 2000px\" \/><noscript><img loading=\"lazy\" decoding=\"async\" aria-describedby=\"caption-attachment-16349\" class=\"size-full wp-image-16349\" src=\"https:\/\/www.motoblouz.com\/enjoytheride\/wp-content\/uploads\/2019\/02\/stephane_watel_avant_depart_enduropale_2019.jpg.jpg\" alt=\"St\u00e9phane Watel Enduropale 2019\" width=\"2000\" height=\"1334\" srcset=\"https:\/\/www.motoblouz.com\/enjoytheride\/wp-content\/uploads\/2019\/02\/stephane_watel_avant_depart_enduropale_2019.jpg.jpg 2000w, https:\/\/www.motoblouz.com\/enjoytheride\/wp-content\/uploads\/2019\/02\/stephane_watel_avant_depart_enduropale_2019.jpg-690x460.jpg 690w, https:\/\/www.motoblouz.com\/enjoytheride\/wp-content\/uploads\/2019\/02\/stephane_watel_avant_depart_enduropale_2019.jpg-768x512.jpg 768w, https:\/\/www.motoblouz.com\/enjoytheride\/wp-content\/uploads\/2019\/02\/stephane_watel_avant_depart_enduropale_2019.jpg-1024x683.jpg 1024w, https:\/\/www.motoblouz.com\/enjoytheride\/wp-content\/uploads\/2019\/02\/stephane_watel_avant_depart_enduropale_2019.jpg-330x220.jpg 330w, https:\/\/www.motoblouz.com\/enjoytheride\/wp-content\/uploads\/2019\/02\/stephane_watel_avant_depart_enduropale_2019.jpg-272x182.jpg 272w\" sizes=\"(max-width: 2000px) 100vw, 2000px\" \/><\/noscript><p id=\"caption-attachment-16349\" class=\"wp-caption-text\">St\u00e9phane Watel (\u00e0 droite) s&rsquo;\u00e9lance ver la ligne de d\u00e9part<\/p><\/div>\n<h2>St\u00e9phane Watel, en embuscade<\/h2>\n<p>En mati\u00e8re de nerfs bien accroch\u00e9s, St\u00e9phane Watel se pose l\u00e0 aussi. Souvenez-vous, l&rsquo;ann\u00e9e derni\u00e8re, en d\u00e9pit d&rsquo;une fracture \u00e0 la cheville et d&rsquo;un traumatisme cr\u00e2nien, il \u00e9tait parvenu \u00e0 terminer l&rsquo;Enduropale \u00e0 la douzi\u00e8me place ! Cette ann\u00e9e, le pilote est parvenu \u00e0 \u00e9pargner ses os tout en am\u00e9liorant ses r\u00e9sultats. Que demander de plus. En sixi\u00e8me place apr\u00e8s 2h30 de courses, il profite lui aussi de l&rsquo;abandon de Potisek. Cinqui\u00e8me, autrement dit vraiment pas loin du podium, voil\u00e0 une belle perf qui m\u00e9rite les honneurs !<\/p>\n<p><strong>Vous en doutiez encore ? Le team SR devient un s\u00e9rieux pr\u00e9tendant aux podiums du CFS et particuli\u00e8rement de l&rsquo;Enduropale. Autant vous dire qu&rsquo;on est plus fier que jamais de les voir porter nos couleurs ! Toutes nos f\u00e9licitations aux trois pilotes pour ce superbe spectacle et ces beaux r\u00e9sultats.<\/strong><\/p>\n","protected":false},"excerpt":{"rendered":"<p>Podium pour Richard Fura \u00e0 l&rsquo;Enduropale 2019 ! Voil\u00e0 comment on pourrait r\u00e9sumer la performance du team SR au Touquet ce dimanche si on s&rsquo;en tenait \u00e0 jeter un \u0153il au trio de t\u00eate. Parce que dans les faits, les trois pilotes ont sacr\u00e9ment anim\u00e9 les trois heures de courses, avec une mention sp\u00e9ciale pour [&hellip;]<\/p>\n","protected":false},"author":6,"featured_media":16344,"comment_status":"open","ping_status":"open","sticky":false,"template":"","format":"standard","meta":{"inline_featured_image":false,"footnotes":""},"categories":[304,303],"tags":[722,322,34,250,917],"yoast":{"focuskw":"Team SR","title":"Le Team SR Fait le show \u00e0 l'Enduropale 2019 !","metadesc":"Alors, on vous l'avait dit que le team SR allait envoyer de la b\u00fbchette \u00e0 l'Enduropale 2019 ou pas ? On revient sur les performances de Richard Fura, Jeremy Van Horebeek et St\u00e9phane Watel pendant la course qui leur doit un peu de son spectacle !","linkdex":"88","metakeywords":"","meta-robots-noindex":"","meta-robots-nofollow":"","meta-robots-adv":"","canonical":"","redirect":"","opengraph-title":"","opengraph-description":"","opengraph-image":"","twitter-title":"","twitter-description":"","twitter-image":""},"bk_author_score":["0"],"bk_final_score":[],"bk_summary":[],"bk_cs1":["0"],"bk_cs2":["0"],"bk_cs3":["0"],"bk_cs4":["0"],"bk_cs5":["0"],"bk_cs6":["0"],"bk_ct1":[],"bk_ct2":[],"bk_ct3":[],"bk_ct4":[],"bk_ct5":[],"bk_ct6":[],"bk_gallery_content":[],"bk_image_upload":[],"bk_media_embed_code_post":[],"bk_page_fullwidth_checkbox":[],"bk_post_fullwidth_checkbox":["0"],"bk_review_checkbox":["0"],"lswd-posts-on-top":"false","_d3t_product_info_activate":["1"],"_d3t_product_info_reference":[""],"_d3t_product_media_detoure":[""],"d3t_etc_reference":[""],"d3t_etc_translate_yoast_focuskw":[""],"d3t_etc_translate_yoast_title":[""],"d3t_etc_translate_yoast_metadesc":[""],"d3t_etc_translate_product_media_detoure":[""],"d3t_etc_translate_product_info_reference":[""],"amp_enabled":true,"_links":{"self":[{"href":"https:\/\/www.motoblouz.com\/enjoytheride\/wp-json\/wp\/v2\/posts\/16342"}],"collection":[{"href":"https:\/\/www.motoblouz.com\/enjoytheride\/wp-json\/wp\/v2\/posts"}],"about":[{"href":"https:\/\/www.motoblouz.com\/enjoytheride\/wp-json\/wp\/v2\/types\/post"}],"author":[{"embeddable":true,"href":"https:\/\/www.motoblouz.com\/enjoytheride\/wp-json\/wp\/v2\/users\/6"}],"replies":[{"embeddable":true,"href":"https:\/\/www.motoblouz.com\/enjoytheride\/wp-json\/wp\/v2\/comments?post=16342"}],"version-history":[{"count":0,"href":"https:\/\/www.motoblouz.com\/enjoytheride\/wp-json\/wp\/v2\/posts\/16342\/revisions"}],"wp:featuredmedia":[{"embeddable":true,"href":"https:\/\/www.motoblouz.com\/enjoytheride\/wp-json\/wp\/v2\/media\/16344"}],"wp:attachment":[{"href":"https:\/\/www.motoblouz.com\/enjoytheride\/wp-json\/wp\/v2\/media?parent=16342"}],"wp:term":[{"taxonomy":"category","embeddable":true,"href":"https:\/\/www.motoblouz.com\/enjoytheride\/wp-json\/wp\/v2\/categories?post=16342"},{"taxonomy":"post_tag","embeddable":true,"href":"https:\/\/www.motoblouz.com\/enjoytheride\/wp-json\/wp\/v2\/tags?post=16342"}],"curies":[{"name":"wp","href":"https:\/\/api.w.org\/{rel}","templated":true}]}}