{"id":18717,"date":"2020-02-03T11:00:47","date_gmt":"2020-02-03T10:00:47","guid":{"rendered":"https:\/\/www.motoblouz.com\/enjoytheride\/enjoytheride\/?p=18717"},"modified":"2024-06-28T10:57:40","modified_gmt":"2024-06-28T08:57:40","slug":"sac-a-dos-erode","status":"publish","type":"post","link":"https:\/\/www.motoblouz.com\/enjoytheride\/actus-equipement-moto\/18717-sac-a-dos-erode-2020-02-03","title":{"rendered":"Le sac-\u00e0-dos-dorsale d&rsquo;ERODE"},"content":{"rendered":"<p>Vous ne roulez jamais sans dorsale, mais aimeriez prendre un sac \u00e0 dos. Vous avez besoin d&rsquo;un sac \u00e0 dos tous les jours, pour aller bosser ou pour partir en vir\u00e9e, mais ne voulez pas mettre votre s\u00e9curit\u00e9 entre parenth\u00e8ses. Sac \u00e0 dos ou dorsale, dorsale ou sac \u00e0 dos&#8230; Cette ind\u00e9cision risque bien d&rsquo;\u00eatre du pass\u00e9 gr\u00e2ce \u00e0 <a href=\"https:\/\/www.erode-moto.com\/fr\" target=\"_blank\" rel=\"noopener\">ERODE<\/a> : premier\u00a0sac \u00e0 dos d\u00e9di\u00e9 \u00e0 la s\u00e9curit\u00e9 du motard et du scoot\u00e9riste avec \u00ab\u00a0dorsale\u00a0\u00bb int\u00e9gr\u00e9e.\u00a0On vous les pr\u00e9sente aujourd&rsquo;hui, ils viennent d&rsquo;int\u00e9grer le Lab de Motoblouz.<\/p>\n<p><!--more--><\/p>\n<h2>ERODE : \u00e9quipement de (haute) s\u00e9curit\u00e9&#8230;<\/h2>\n<p>Sac \u00e0 dos ou dorsale, dorsale ou sac \u00e0 dos ? Julien Gu\u00e9ry en a eu marre de se poser la question, il voulait les deux. Le r\u00e9sultat s&rsquo;appelle ERODE, premier sac \u00e0 dos pour motard et scoot\u00e9riste avec protections haute performance.<\/p>\n<blockquote><p>On oublie l&rsquo;ind\u00e9cision, d\u00e9sormais \u00ab\u00a0<em>la s\u00e9curit\u00e9 devient la r\u00e8gle, l&rsquo;ergonomie le progr\u00e8s, le style la v\u00e9rit\u00e9.\u00a0\u00bb<\/em><\/p><\/blockquote>\n<p>Le <strong>sac \u00e0 dos ERODE<\/strong> ne part pas le sac vide. Il int\u00e8gre 1. Une coque protectrice en polycarbonate rigide (mat\u00e9riau que l&rsquo;on retrouve sur certains casques) qui fait effet bouclier, r\u00e9duit la force de l&rsquo;impact et la dissipe autour de la colonne vert\u00e9brale. 2. Des plaques dorsales, directement int\u00e9gr\u00e9es dans le textile, qui jouent quant \u00e0 elles le r\u00f4le d&rsquo;amortisseurs. Elles absorbent et dispersent l&rsquo;\u00e9nergie des chocs.<\/p>\n<p>Avec tout \u00e7a, le <strong>sac \u00e0 dos ERODE<\/strong> dispose du marquage CE et r\u00e9pond \u00e0 la norme NF EN 1621-2 de niveau 2. C&rsquo;est tout ce que vous vouliez entendre ? Attendez la suite !<\/p>\n<p><img loading=\"lazy\" decoding=\"async\" class=\"aligncenter size-full wp-image-18719\" src=\"data:image\/gif;base64,R0lGODdhAQABAPAAAP\/\/\/wAAACwAAAAAAQABAEACAkQBADs=\" data-lazy-src=\"https:\/\/www.motoblouz.com\/enjoytheride\/wp-content\/uploads\/2020\/01\/73388335_150886269631822_4403912835134914560_o.jpg\" alt=\"Le sac \u00e0 dos ERODE prend la route\" width=\"1944\" height=\"1296\" data-lazy-srcset=\"https:\/\/www.motoblouz.com\/enjoytheride\/wp-content\/uploads\/2020\/01\/73388335_150886269631822_4403912835134914560_o.jpg 1944w, https:\/\/www.motoblouz.com\/enjoytheride\/wp-content\/uploads\/2020\/01\/73388335_150886269631822_4403912835134914560_o-690x460.jpg 690w, https:\/\/www.motoblouz.com\/enjoytheride\/wp-content\/uploads\/2020\/01\/73388335_150886269631822_4403912835134914560_o-768x512.jpg 768w, https:\/\/www.motoblouz.com\/enjoytheride\/wp-content\/uploads\/2020\/01\/73388335_150886269631822_4403912835134914560_o-1024x683.jpg 1024w, https:\/\/www.motoblouz.com\/enjoytheride\/wp-content\/uploads\/2020\/01\/73388335_150886269631822_4403912835134914560_o-330x220.jpg 330w, https:\/\/www.motoblouz.com\/enjoytheride\/wp-content\/uploads\/2020\/01\/73388335_150886269631822_4403912835134914560_o-272x182.jpg 272w\" data-lazy-sizes=\"(max-width: 1944px) 100vw, 1944px\" \/><noscript><img loading=\"lazy\" decoding=\"async\" class=\"aligncenter size-full wp-image-18719\" src=\"https:\/\/www.motoblouz.com\/enjoytheride\/wp-content\/uploads\/2020\/01\/73388335_150886269631822_4403912835134914560_o.jpg\" alt=\"Le sac \u00e0 dos ERODE prend la route\" width=\"1944\" height=\"1296\" srcset=\"https:\/\/www.motoblouz.com\/enjoytheride\/wp-content\/uploads\/2020\/01\/73388335_150886269631822_4403912835134914560_o.jpg 1944w, https:\/\/www.motoblouz.com\/enjoytheride\/wp-content\/uploads\/2020\/01\/73388335_150886269631822_4403912835134914560_o-690x460.jpg 690w, https:\/\/www.motoblouz.com\/enjoytheride\/wp-content\/uploads\/2020\/01\/73388335_150886269631822_4403912835134914560_o-768x512.jpg 768w, https:\/\/www.motoblouz.com\/enjoytheride\/wp-content\/uploads\/2020\/01\/73388335_150886269631822_4403912835134914560_o-1024x683.jpg 1024w, https:\/\/www.motoblouz.com\/enjoytheride\/wp-content\/uploads\/2020\/01\/73388335_150886269631822_4403912835134914560_o-330x220.jpg 330w, https:\/\/www.motoblouz.com\/enjoytheride\/wp-content\/uploads\/2020\/01\/73388335_150886269631822_4403912835134914560_o-272x182.jpg 272w\" sizes=\"(max-width: 1944px) 100vw, 1944px\" \/><\/noscript><\/p>\n<h2>Et sac \u00e0 dos ++<\/h2>\n<p>Oui, car il ne faut pas oublier qu&rsquo;au-del\u00e0 de la s\u00e9curit\u00e9, ERODE cherche \u00e0 d\u00e9cupler notre bonheur et notre confort, en misant sur la praticit\u00e9 et l&rsquo;ergonomie.<\/p>\n<p>Le <strong>sac \u00e0 dos ERODE<\/strong> fait corps avec le conducteur, homme ou femme, pour ne pas entraver sa conduite. Il dispose ainsi d&rsquo;une sangle sternale pour s&rsquo;ajuster \u00e0 toutes les morpho, et suivre le motard ou le scoot\u00e9riste dans tous ses mouvements. Son design a aussi \u00e9t\u00e9 pens\u00e9 pour se faire oublier : de belles courbes qui accroissent l&rsquo;a\u00e9rodynamisme du conducteur.<\/p>\n<p>Style minimaliste, urbain, et engag\u00e9 selon l&rsquo;\u00e9quipe, ce sac-\u00e0-dos-dorsale se veut surtout dans l&rsquo;\u00e8re du temps, et faciliter la vie des conducteurs de deux ou trois-roues. Il est du coup \u00e9quip\u00e9 d&rsquo;un cabas int\u00e9rieur amovible et personnalisable (dispo en version Minimal, polyvalent, et en version Smart pour aller bosser) d&rsquo;un volume de 18 litres. Il se veut aussi essentiel sur route qu&rsquo;il est pratique \u00e0 pieds. Le sac \u00e0 dos ERODE est finalement \u00e9tanche, robuste, et avouons-le plut\u00f4t styl\u00e9.<\/p>\n<p><img loading=\"lazy\" decoding=\"async\" class=\"aligncenter size-full wp-image-18720\" src=\"data:image\/gif;base64,R0lGODdhAQABAPAAAP\/\/\/wAAACwAAAAAAQABAEACAkQBADs=\" data-lazy-src=\"https:\/\/www.motoblouz.com\/enjoytheride\/wp-content\/uploads\/2020\/01\/72231459_152626036124512_3413286204634824704_o.jpg\" alt=\"sac \u00e0 dos ERODE \" width=\"1944\" height=\"1296\" data-lazy-srcset=\"https:\/\/www.motoblouz.com\/enjoytheride\/wp-content\/uploads\/2020\/01\/72231459_152626036124512_3413286204634824704_o.jpg 1944w, https:\/\/www.motoblouz.com\/enjoytheride\/wp-content\/uploads\/2020\/01\/72231459_152626036124512_3413286204634824704_o-690x460.jpg 690w, https:\/\/www.motoblouz.com\/enjoytheride\/wp-content\/uploads\/2020\/01\/72231459_152626036124512_3413286204634824704_o-768x512.jpg 768w, https:\/\/www.motoblouz.com\/enjoytheride\/wp-content\/uploads\/2020\/01\/72231459_152626036124512_3413286204634824704_o-1024x683.jpg 1024w, https:\/\/www.motoblouz.com\/enjoytheride\/wp-content\/uploads\/2020\/01\/72231459_152626036124512_3413286204634824704_o-330x220.jpg 330w, https:\/\/www.motoblouz.com\/enjoytheride\/wp-content\/uploads\/2020\/01\/72231459_152626036124512_3413286204634824704_o-272x182.jpg 272w\" data-lazy-sizes=\"(max-width: 1944px) 100vw, 1944px\" \/><noscript><img loading=\"lazy\" decoding=\"async\" class=\"aligncenter size-full wp-image-18720\" src=\"https:\/\/www.motoblouz.com\/enjoytheride\/wp-content\/uploads\/2020\/01\/72231459_152626036124512_3413286204634824704_o.jpg\" alt=\"sac \u00e0 dos ERODE \" width=\"1944\" height=\"1296\" srcset=\"https:\/\/www.motoblouz.com\/enjoytheride\/wp-content\/uploads\/2020\/01\/72231459_152626036124512_3413286204634824704_o.jpg 1944w, https:\/\/www.motoblouz.com\/enjoytheride\/wp-content\/uploads\/2020\/01\/72231459_152626036124512_3413286204634824704_o-690x460.jpg 690w, https:\/\/www.motoblouz.com\/enjoytheride\/wp-content\/uploads\/2020\/01\/72231459_152626036124512_3413286204634824704_o-768x512.jpg 768w, https:\/\/www.motoblouz.com\/enjoytheride\/wp-content\/uploads\/2020\/01\/72231459_152626036124512_3413286204634824704_o-1024x683.jpg 1024w, https:\/\/www.motoblouz.com\/enjoytheride\/wp-content\/uploads\/2020\/01\/72231459_152626036124512_3413286204634824704_o-330x220.jpg 330w, https:\/\/www.motoblouz.com\/enjoytheride\/wp-content\/uploads\/2020\/01\/72231459_152626036124512_3413286204634824704_o-272x182.jpg 272w\" sizes=\"(max-width: 1944px) 100vw, 1944px\" \/><\/noscript><\/p>\n<h2>Qui se cache dans le sac \u00e0 dos ERODE ?<\/h2>\n<p>ERODE est une start-up fran\u00e7aise, implant\u00e9e \u00e0 Lille. Elle a \u00e9t\u00e9 cr\u00e9\u00e9e par Julien Gu\u00e9ry, lui-m\u00eame motard, confront\u00e9 plusieurs ann\u00e9es au besoin de disposer d&rsquo;un sac \u00e0 dos sans vouloir perdre de vue sa protection&#8230; Il a\u00a0eu cette brillante id\u00e9e en f\u00e9vrier 2016. Depuis ? De la recherche, en d\u00e9veloppement et en financement, histoire de cr\u00e9er un produit \u00e0 la fois fiable et utilisable. Le brevet a \u00e9t\u00e9 d\u00e9pos\u00e9 en ao\u00fbt 2019, et le produit peut depuis \u00eatre confectionn\u00e9 et commercialis\u00e9. D&rsquo;ailleurs, ERODE a int\u00e9gr\u00e9 le LAB de Motoblouz : son arriv\u00e9e sur notre site ne devrait plus tarder.<\/p>\n<p><iframe loading=\"lazy\" title=\"SAC A DOS PROTECTEUR ERODE\" width=\"1050\" height=\"591\" src=\"https:\/\/www.youtube.com\/embed\/378bxdiH1t0?feature=oembed&#038;enablejsapi=1&#038;origin=https:\/\/www.motoblouz.com\" frameborder=\"0\" allow=\"accelerometer; autoplay; clipboard-write; encrypted-media; gyroscope; picture-in-picture; web-share\" referrerpolicy=\"strict-origin-when-cross-origin\" allowfullscreen><\/iframe><\/p>\n<p style=\"text-align: center;\">\n","protected":false},"excerpt":{"rendered":"<p>Vous ne roulez jamais sans dorsale, mais aimeriez prendre un sac \u00e0 dos. Vous avez besoin d&rsquo;un sac \u00e0 dos tous les jours, pour aller bosser ou pour partir en vir\u00e9e, mais ne voulez pas mettre votre s\u00e9curit\u00e9 entre parenth\u00e8ses. Sac \u00e0 dos ou dorsale, dorsale ou sac \u00e0 dos&#8230; Cette ind\u00e9cision risque bien d&rsquo;\u00eatre [&hellip;]<\/p>\n","protected":false},"author":35,"featured_media":18718,"comment_status":"open","ping_status":"open","sticky":false,"template":"","format":"standard","meta":{"inline_featured_image":false,"footnotes":""},"categories":[304,942],"tags":[501,719],"yoast":{"focuskw":"sac \u00e0 dos ERODE","title":"Sac \u00e0 dos ERODE : plus besoin de choisir entre s\u00e9curit\u00e9 et praticit\u00e9 !","metadesc":"Sac \u00e0 dos ou dorsale, dorsale ou sac \u00e0 dos : Julien Gu\u00e9ry en avait marre de se poser la question et a d\u00e9cid\u00e9 d'allier les deux dans son sac \u00e0 dos ERODE. Ne partez pas le sac vide, on vous explique tout !","linkdex":"74","metakeywords":"","meta-robots-noindex":"","meta-robots-nofollow":"","meta-robots-adv":"","canonical":"","redirect":"","opengraph-title":"","opengraph-description":"","opengraph-image":"","twitter-title":"","twitter-description":"","twitter-image":""},"bk_author_score":["0"],"bk_final_score":[],"bk_summary":[],"bk_cs1":["0"],"bk_cs2":["0"],"bk_cs3":["0"],"bk_cs4":["0"],"bk_cs5":["0"],"bk_cs6":["0"],"bk_ct1":[],"bk_ct2":[],"bk_ct3":[],"bk_ct4":[],"bk_ct5":[],"bk_ct6":[],"bk_gallery_content":[],"bk_image_upload":[],"bk_media_embed_code_post":[],"bk_page_fullwidth_checkbox":[],"bk_post_fullwidth_checkbox":["0"],"bk_review_checkbox":["0"],"lswd-posts-on-top":"false","_d3t_product_info_activate":["1"],"_d3t_product_info_reference":[""],"_d3t_product_media_detoure":[""],"d3t_etc_reference":[""],"d3t_etc_translate_yoast_focuskw":[""],"d3t_etc_translate_yoast_title":[""],"d3t_etc_translate_yoast_metadesc":[""],"d3t_etc_translate_product_media_detoure":[""],"d3t_etc_translate_product_info_reference":[""],"amp_enabled":true,"_links":{"self":[{"href":"https:\/\/www.motoblouz.com\/enjoytheride\/wp-json\/wp\/v2\/posts\/18717"}],"collection":[{"href":"https:\/\/www.motoblouz.com\/enjoytheride\/wp-json\/wp\/v2\/posts"}],"about":[{"href":"https:\/\/www.motoblouz.com\/enjoytheride\/wp-json\/wp\/v2\/types\/post"}],"author":[{"embeddable":true,"href":"https:\/\/www.motoblouz.com\/enjoytheride\/wp-json\/wp\/v2\/users\/35"}],"replies":[{"embeddable":true,"href":"https:\/\/www.motoblouz.com\/enjoytheride\/wp-json\/wp\/v2\/comments?post=18717"}],"version-history":[{"count":0,"href":"https:\/\/www.motoblouz.com\/enjoytheride\/wp-json\/wp\/v2\/posts\/18717\/revisions"}],"wp:featuredmedia":[{"embeddable":true,"href":"https:\/\/www.motoblouz.com\/enjoytheride\/wp-json\/wp\/v2\/media\/18718"}],"wp:attachment":[{"href":"https:\/\/www.motoblouz.com\/enjoytheride\/wp-json\/wp\/v2\/media?parent=18717"}],"wp:term":[{"taxonomy":"category","embeddable":true,"href":"https:\/\/www.motoblouz.com\/enjoytheride\/wp-json\/wp\/v2\/categories?post=18717"},{"taxonomy":"post_tag","embeddable":true,"href":"https:\/\/www.motoblouz.com\/enjoytheride\/wp-json\/wp\/v2\/tags?post=18717"}],"curies":[{"name":"wp","href":"https:\/\/api.w.org\/{rel}","templated":true}]}}