{"id":31,"name":"Chlo\u00e9","url":"","description":"Motarde de 26 ans, j'ai eu mon permis en septembre 2015. Apr\u00e8s avoir arpent\u00e9 les routes de la r\u00e9gion parisienne, je parcours maintenant la r\u00e9gion montpelli\u00e9raine au guidon de mon ER6N. J'essaye d'allier ma vie de tous les jours \u00e0 mon identit\u00e9 de motarde !","link":"https:\/\/www.motoblouz.com\/enjoytheride\/author\/chloe-s","slug":"chloe-s","avatar_urls":{"24":"https:\/\/secure.gravatar.com\/avatar\/60b65f645aeef5628bc2ad79bce8f099?s=24&d=mm&r=g","48":"https:\/\/secure.gravatar.com\/avatar\/60b65f645aeef5628bc2ad79bce8f099?s=48&d=mm&r=g","96":"https:\/\/secure.gravatar.com\/avatar\/60b65f645aeef5628bc2ad79bce8f099?s=96&d=mm&r=g"},"meta":[],"amp_review_panel_dismissed_for_template_mode":"","amp_dev_tools_enabled":false,"wp_fb_profile":"https:\/\/graph.facebook.com\/1374948789\/picture?type=large","_links":{"self":[{"href":"https:\/\/www.motoblouz.com\/enjoytheride\/wp-json\/wp\/v2\/users\/31"}],"collection":[{"href":"https:\/\/www.motoblouz.com\/enjoytheride\/wp-json\/wp\/v2\/users"}]}}